{"id":37,"date":"2017-03-25T17:26:16","date_gmt":"2017-03-25T14:26:16","guid":{"rendered":"http:\/\/blog.metu.edu.tr\/muyucel\/?p=37"},"modified":"2022-01-14T14:42:58","modified_gmt":"2022-01-14T11:42:58","slug":"orta-amerikadan-ilk-izlenimler","status":"publish","type":"post","link":"https:\/\/blog.metu.edu.tr\/muyucel\/2017\/03\/25\/orta-amerikadan-ilk-izlenimler\/","title":{"rendered":"Orta Amerika&#8217;dan ilk izlenimler"},"content":{"rendered":"<p>S\u00f6z yine Batuhan&#8217;da&#8230;<\/p>\n<p>Toplamda 24 saatten fazla s\u00fcren uzun bir yolculu\u011fun ard\u0131ndan 22 mart ak\u015fam\u0131 (T\u00fcrkiye i\u00e7in 23 mart sabah\u0131) Kosta Rika\u2019n\u0131n ba\u015fkenti San Jose\u2019ye ula\u015ft\u0131k. Kosta Rika nemli ve s\u0131cak bir iklimin hakim oldu\u011fu, Pasifik Okyanusu ve Karayip Denizi\u2019ne k\u0131y\u0131s\u0131 olan, ye\u015fil ve koyu kahverengi tepelerden olu\u015fan s\u0131cakkanl\u0131 bir halka sahip g\u00fczel bir \u00fclke. Bilimsel liderimiz George Luther havaalan\u0131na yak\u0131n bir otelde yer ay\u0131rtm\u0131\u015f, otele yerle\u015fip di\u011ferlerini beklemeye koyulduk. Bizden yakla\u015f\u0131k bir saat sonra ekibimizin kalabal\u0131k bir grubu daha otele vard\u0131. Farkl\u0131 alanlarda uzman, olduk\u00e7a renkli insanlardan olu\u015fan bir ekibimiz var, ilerleyen g\u00fcnlerde baz\u0131lar\u0131n\u0131 ve \u00e7al\u0131\u015ft\u0131klar\u0131 konular\u0131 tan\u0131tabilirim.<\/p>\n<p><a href=\"https:\/\/blog.metu.edu.tr\/muyucel\/files\/2017\/03\/ForBlog-4-Katedral.jpg\"><img loading=\"lazy\" decoding=\"async\" class=\"alignnone size-medium wp-image-38\" src=\"https:\/\/blog.metu.edu.tr\/muyucel\/files\/2017\/03\/ForBlog-4-Katedral-300x238.jpg\" alt=\"\" width=\"300\" height=\"238\" srcset=\"https:\/\/blog.metu.edu.tr\/muyucel\/files\/2017\/03\/ForBlog-4-Katedral-300x238.jpg 300w, https:\/\/blog.metu.edu.tr\/muyucel\/files\/2017\/03\/ForBlog-4-Katedral-768x610.jpg 768w, https:\/\/blog.metu.edu.tr\/muyucel\/files\/2017\/03\/ForBlog-4-Katedral.jpg 775w\" sizes=\"auto, (max-width: 300px) 100vw, 300px\" \/><\/a><\/p>\n<p><!--more--><\/p>\n<p>Kosta Rika\u2019da jet lag ile m\u00fccadele ederek ge\u00e7irdi\u011fim ilk gecenin ard\u0131ndan g\u00fcne hayat\u0131mda duymad\u0131\u011f\u0131m ku\u015f seslerini dinleyip, merak ederek uyand\u0131m. Otelin bah\u00e7esine \u00e7\u0131kt\u0131\u011f\u0131mda bizim kumrulara benzeyen fakat sesi ve g\u00f6r\u00fcn\u00fc\u015f\u00fc \u00e7ok farkl\u0131 olan kumrular ilk dikkatimi \u00e7eken ku\u015flar oldular. Ve daha bir s\u00fcr\u00fc ilgin\u00e7 k\u00fc\u00e7\u00fck \u00f6t\u00fcc\u00fc ile kar\u015f\u0131la\u015ft\u0131m ama maalesef \u00e7antamda d\u00fcrb\u00fcn\u00fcme yer kalmam\u0131\u015ft\u0131. Ku\u015f bahsini \u015funu s\u00f6yleyerek kapatay\u0131m: \u00fclkemizde g\u00f6rd\u00fc\u011f\u00fcm\u00fcz ku\u015flar\u0131n birer benzerinin burada olmas\u0131 ve ekosistemdeki yerlerini alm\u0131\u015f olmas\u0131 olduk\u00e7a ilgi \u00e7ekici ve \u00fczerine okuyup d\u00fc\u015f\u00fcnmeyi gerektiren bir konu. Kahvalt\u0131m\u0131z\u0131 yapt\u0131ktan sonra ekibin derin deniz sens\u00f6rlerini geli\u015ftiren \u00a0ve en renkli ki\u015filiklerinden biri olan Don Nuzzio bir ara\u00e7 ayarlad\u0131 ve otelin yak\u0131nlar\u0131ndaki Alajuela isimli k\u00fc\u00e7\u00fck kenti ziyarete gittik. Alajuela, en y\u00fckse\u011fi \u00fc\u00e7 katl\u0131 olan evlerin \u0131zgara \u015feklinde dizilmesiyle olu\u015fmu\u015f kabaca dikd\u00f6rtgen \u015feklinde k\u00fc\u00e7\u00fck bir kent. Mango a\u011fa\u00e7lar\u0131 ve di\u011fer tropikal a\u011fa\u00e7lar\u0131n oldu\u011fu geni\u015f bir meydana bakan, G\u00fcney Amerika kolonyal mimarisinin \u00f6zelliklerini yans\u0131tan b\u00fcy\u00fck\u00e7e bir katedrale sahip.<\/p>\n<p>Katedrale girdi\u011fimizde bir bebe\u011fin vaftiz t\u00f6reni vard\u0131 ve herkes \u00e7ok mutlu g\u00f6r\u00fcn\u00fcyordu, selam verip yolumuza devam ettik. Bir sonraki dura\u011f\u0131m\u0131z Juan Santa Maria M\u00fczesi\u2019ydi. Juan Santa Maria 1800lerdeki bir i\u00e7 sava\u015f s\u0131ras\u0131nda \u00fclkesi ve halk\u0131 i\u00e7in kendini feda etmi\u015f bir halk kahraman\u0131, Kosta Rika\u2019n\u0131n karma\u015f\u0131k ba\u011f\u0131ms\u0131zl\u0131k ve sava\u015flar tarihini anlatan bir m\u00fcze ona adanm\u0131\u015f. Bu geziye \u00e7\u0131karken akl\u0131mda hep okyanus ve derin denizdeki ya\u015fam oldu\u011fundan Kosta Rika ile ilgili dersime yeterince \u00e7al\u0131\u015fmam\u0131\u015f olman\u0131n buruklu\u011funu hissettim m\u00fczede, zaman\u0131m olunca biraz daha \u00f6\u011frenece\u011fim. \u00a0Karides, pirin\u00e7 ve tortilladan olu\u015fan yeme\u011fimizi yedikten sonra Kosta Rika\u2019n\u0131n karma\u015f\u0131k trafi\u011finde \u00e7\u0131lg\u0131n bir \u015fof\u00f6re emanet otele d\u00f6nd\u00fck ve Atlantis\u2019in bizi bekledi\u011fi Puntarenas\u2019a yolculu\u011fumuz i\u00e7in haz\u0131rl\u0131klara ba\u015flad\u0131k.<\/p>\n<p>\u0130nsanlar\u0131n ki\u015fisel e\u015fyalar\u0131, bilimsel ara\u00e7 gere\u00e7 derken olduk\u00e7a a\u011f\u0131r ve hacimli bir y\u00fcke sahip oldu\u011fumuzu farkettim, t\u00fcm bu e\u015fyalar ve yirmi insan ve o kadar e\u015fya i\u00e7in k\u00fc\u00e7\u00fck sevimli, mavi bir otob\u00fcs geldi. Hassas sens\u00f6rler ve bilgisayarlar\u0131 otob\u00fcs\u00fcn tepesine ba\u011flamak ile arka koltuklara y\u0131\u011fma se\u00e7enekleri aras\u0131ndan en az\u0131ndan u\u00e7up gitme riskinin daha az oldu\u011fu ikincisini tercih ettik ve bir zincir olu\u015fturarak y\u00fcklemeye ba\u015flad\u0131k.<\/p>\n<p>Ye\u015fil tepeler, nehirler, vadiler, volkanik kayalar aras\u0131nda bir bu\u00e7uk saatlik bir yolculu\u011fun sonunda Pasifik kar\u015f\u0131m\u0131za \u00e7\u0131kt\u0131, ya\u015fad\u0131\u011f\u0131m mutluluk ve heyecan\u0131 kelimelere d\u00f6kmem m\u00fcmk\u00fcn de\u011fil. Bu heyecan ve mutluluk biraz a\u00e7\u0131kta demirli bizi bekleyen R\/V Atlantis\u2019i g\u00f6rd\u00fc\u011f\u00fcmde katland\u0131, kab\u0131ma s\u0131\u011famaz oldum. Kendimi otob\u00fcsten d\u0131\u015far\u0131 att\u0131\u011f\u0131mda s\u0131cak ve nemli bir hava k\u00fctlesi beni sarmalad\u0131 ayakkab\u0131lar\u0131m\u0131 f\u0131rlat\u0131p sahile ko\u015ftum, Puntarenas\u2019\u0131n volkanik k\u00f6kenli simsiyah kumlar\u0131 ayaklar\u0131m\u0131n etraf\u0131nda, g\u00f6z\u00fcm a\u00e7\u0131ktaki Atlantis\u2019te bir s\u00fcre \u00f6ylece durdum.<\/p>\n<p><a href=\"https:\/\/blog.metu.edu.tr\/muyucel\/files\/2017\/03\/ForBlog-4-Uzaktan.jpg\"><img loading=\"lazy\" decoding=\"async\" class=\"alignnone  wp-image-39\" src=\"https:\/\/blog.metu.edu.tr\/muyucel\/files\/2017\/03\/ForBlog-4-Uzaktan-300x99.jpg\" alt=\"\" width=\"373\" height=\"123\" srcset=\"https:\/\/blog.metu.edu.tr\/muyucel\/files\/2017\/03\/ForBlog-4-Uzaktan-300x99.jpg 300w, https:\/\/blog.metu.edu.tr\/muyucel\/files\/2017\/03\/ForBlog-4-Uzaktan-768x254.jpg 768w, https:\/\/blog.metu.edu.tr\/muyucel\/files\/2017\/03\/ForBlog-4-Uzaktan.jpg 1001w\" sizes=\"auto, (max-width: 373px) 100vw, 373px\" \/><\/a><\/p>\n","protected":false},"excerpt":{"rendered":"<p>S\u00f6z yine Batuhan&#8217;da&#8230; Toplamda 24 saatten fazla s\u00fcren uzun bir yolculu\u011fun ard\u0131ndan 22 mart ak\u015fam\u0131 (T\u00fcrkiye i\u00e7in 23 mart sabah\u0131) Kosta Rika\u2019n\u0131n ba\u015fkenti San Jose\u2019ye ula\u015ft\u0131k. Kosta Rika nemli ve s\u0131cak bir iklimin hakim oldu\u011fu, Pasifik Okyanusu ve Karayip Denizi\u2019ne k\u0131y\u0131s\u0131 olan, ye\u015fil ve koyu kahverengi tepelerden olu\u015fan s\u0131cakkanl\u0131 bir halka sahip g\u00fczel bir \u00fclke. [&hellip;]<\/p>\n","protected":false},"author":3466,"featured_media":0,"comment_status":"open","ping_status":"open","sticky":false,"template":"","format":"standard","meta":{"footnotes":"","_links_to":"","_links_to_target":""},"categories":[5],"tags":[],"class_list":["post-37","post","type-post","status-publish","format-standard","hentry","category-2017-alvin-pasifik-seferi"],"_links":{"self":[{"href":"https:\/\/blog.metu.edu.tr\/muyucel\/wp-json\/wp\/v2\/posts\/37","targetHints":{"allow":["GET"]}}],"collection":[{"href":"https:\/\/blog.metu.edu.tr\/muyucel\/wp-json\/wp\/v2\/posts"}],"about":[{"href":"https:\/\/blog.metu.edu.tr\/muyucel\/wp-json\/wp\/v2\/types\/post"}],"author":[{"embeddable":true,"href":"https:\/\/blog.metu.edu.tr\/muyucel\/wp-json\/wp\/v2\/users\/3466"}],"replies":[{"embeddable":true,"href":"https:\/\/blog.metu.edu.tr\/muyucel\/wp-json\/wp\/v2\/comments?post=37"}],"version-history":[{"count":0,"href":"https:\/\/blog.metu.edu.tr\/muyucel\/wp-json\/wp\/v2\/posts\/37\/revisions"}],"wp:attachment":[{"href":"https:\/\/blog.metu.edu.tr\/muyucel\/wp-json\/wp\/v2\/media?parent=37"}],"wp:term":[{"taxonomy":"category","embeddable":true,"href":"https:\/\/blog.metu.edu.tr\/muyucel\/wp-json\/wp\/v2\/categories?post=37"},{"taxonomy":"post_tag","embeddable":true,"href":"https:\/\/blog.metu.edu.tr\/muyucel\/wp-json\/wp\/v2\/tags?post=37"}],"curies":[{"name":"wp","href":"https:\/\/api.w.org\/{rel}","templated":true}]}}