{"id":23,"date":"2017-03-22T12:35:34","date_gmt":"2017-03-22T09:35:34","guid":{"rendered":"http:\/\/blog.metu.edu.tr\/muyucel\/?p=23"},"modified":"2022-01-14T14:51:04","modified_gmt":"2022-01-14T11:51:04","slug":"kosta-rikaya-dogru","status":"publish","type":"post","link":"https:\/\/blog.metu.edu.tr\/muyucel\/2017\/03\/22\/kosta-rikaya-dogru\/","title":{"rendered":"Kosta Rika&#8217;ya Do\u011fru"},"content":{"rendered":"<p><a href=\"https:\/\/blog.metu.edu.tr\/muyucel\/files\/2017\/03\/Yolculuk1.png\"><img loading=\"lazy\" decoding=\"async\" class=\"alignnone size-medium wp-image-18\" src=\"https:\/\/blog.metu.edu.tr\/muyucel\/files\/2017\/03\/Yolculuk1-300x169.png\" alt=\"\" width=\"300\" height=\"169\" srcset=\"https:\/\/blog.metu.edu.tr\/muyucel\/files\/2017\/03\/Yolculuk1-300x169.png 300w, https:\/\/blog.metu.edu.tr\/muyucel\/files\/2017\/03\/Yolculuk1-768x432.png 768w, https:\/\/blog.metu.edu.tr\/muyucel\/files\/2017\/03\/Yolculuk1-1024x576.png 1024w, https:\/\/blog.metu.edu.tr\/muyucel\/files\/2017\/03\/Yolculuk1.png 1650w\" sizes=\"auto, (max-width: 300px) 100vw, 300px\" \/><\/a><\/p>\n<p>Yola koyulduk. \u00d6nce Ankara \u00fczerinden \u0130stanbul, \u015fimdi de Paris&#8217;de Kosta Rika&#8217;ya aktarma u\u00e7u\u015fumuzu bekliyoruz.<\/p>\n<p>Alvin denizalt\u0131s\u0131n\u0131n &#8216;ana&#8217; gemisi R\/V Atlantis, bizi Kosta Rika&#8217;n\u0131n Pasifik k\u0131y\u0131s\u0131nda bir liman kenti olan Puntarenas&#8217;da bekliyor. T\u00fcm kat\u0131l\u0131mc\u0131lar\u0131n orada bulu\u015fmas\u0131ndan sonra, haftasonuna do\u011fru gemimiz 1200 deniz mili, yakla\u015f\u0131k d\u00f6rt g\u00fcn yol alacak ve bizi Do\u011fu Pasifik S\u0131rt\u0131, 9.50 derece kuzey enleminin \u00fczerindeki \u00e7al\u0131\u015fma b\u00f6lgesine getirecek.<\/p>\n<p>Her buldu\u011fumuz arada, bu foto\u011frafta oldu\u011fu gibi ba\u015f\u0131m\u0131zdan ge\u00e7enleri hemen sizlerle payla\u015faca\u011f\u0131z!<\/p>\n<p><a href=\"https:\/\/blog.metu.edu.tr\/muyucel\/files\/2017\/03\/DSC_4413-copy.jpg\"><img loading=\"lazy\" decoding=\"async\" class=\"alignnone size-medium wp-image-24\" src=\"https:\/\/blog.metu.edu.tr\/muyucel\/files\/2017\/03\/DSC_4413-copy-300x184.jpg\" alt=\"\" width=\"300\" height=\"184\" srcset=\"https:\/\/blog.metu.edu.tr\/muyucel\/files\/2017\/03\/DSC_4413-copy-300x184.jpg 300w, https:\/\/blog.metu.edu.tr\/muyucel\/files\/2017\/03\/DSC_4413-copy-768x471.jpg 768w, https:\/\/blog.metu.edu.tr\/muyucel\/files\/2017\/03\/DSC_4413-copy-1024x627.jpg 1024w\" sizes=\"auto, (max-width: 300px) 100vw, 300px\" \/><\/a><\/p>\n","protected":false},"excerpt":{"rendered":"<p>Yola koyulduk. \u00d6nce Ankara \u00fczerinden \u0130stanbul, \u015fimdi de Paris&#8217;de Kosta Rika&#8217;ya aktarma u\u00e7u\u015fumuzu bekliyoruz. Alvin denizalt\u0131s\u0131n\u0131n &#8216;ana&#8217; gemisi R\/V Atlantis, bizi Kosta Rika&#8217;n\u0131n Pasifik k\u0131y\u0131s\u0131nda bir liman kenti olan Puntarenas&#8217;da bekliyor. T\u00fcm kat\u0131l\u0131mc\u0131lar\u0131n orada bulu\u015fmas\u0131ndan sonra, haftasonuna do\u011fru gemimiz 1200 deniz mili, yakla\u015f\u0131k d\u00f6rt g\u00fcn yol alacak ve bizi Do\u011fu Pasifik S\u0131rt\u0131, 9.50 derece kuzey [&hellip;]<\/p>\n","protected":false},"author":3466,"featured_media":0,"comment_status":"open","ping_status":"open","sticky":false,"template":"","format":"standard","meta":{"footnotes":"","_links_to":"","_links_to_target":""},"categories":[5],"tags":[],"class_list":["post-23","post","type-post","status-publish","format-standard","hentry","category-2017-alvin-pasifik-seferi"],"_links":{"self":[{"href":"https:\/\/blog.metu.edu.tr\/muyucel\/wp-json\/wp\/v2\/posts\/23","targetHints":{"allow":["GET"]}}],"collection":[{"href":"https:\/\/blog.metu.edu.tr\/muyucel\/wp-json\/wp\/v2\/posts"}],"about":[{"href":"https:\/\/blog.metu.edu.tr\/muyucel\/wp-json\/wp\/v2\/types\/post"}],"author":[{"embeddable":true,"href":"https:\/\/blog.metu.edu.tr\/muyucel\/wp-json\/wp\/v2\/users\/3466"}],"replies":[{"embeddable":true,"href":"https:\/\/blog.metu.edu.tr\/muyucel\/wp-json\/wp\/v2\/comments?post=23"}],"version-history":[{"count":0,"href":"https:\/\/blog.metu.edu.tr\/muyucel\/wp-json\/wp\/v2\/posts\/23\/revisions"}],"wp:attachment":[{"href":"https:\/\/blog.metu.edu.tr\/muyucel\/wp-json\/wp\/v2\/media?parent=23"}],"wp:term":[{"taxonomy":"category","embeddable":true,"href":"https:\/\/blog.metu.edu.tr\/muyucel\/wp-json\/wp\/v2\/categories?post=23"},{"taxonomy":"post_tag","embeddable":true,"href":"https:\/\/blog.metu.edu.tr\/muyucel\/wp-json\/wp\/v2\/tags?post=23"}],"curies":[{"name":"wp","href":"https:\/\/api.w.org\/{rel}","templated":true}]}}