{"id":26,"date":"2010-12-16T10:32:27","date_gmt":"2010-12-16T08:32:27","guid":{"rendered":"http:\/\/blog.metu.edu.tr\/library\/?p=26"},"modified":"2010-12-16T10:32:27","modified_gmt":"2010-12-16T08:32:27","slug":"odtu-kutuphanesi-kurucularindan-furuzan-olsen-icin-duzenlenenen-anma-toreni","status":"publish","type":"post","link":"https:\/\/blog.metu.edu.tr\/library\/2010\/12\/16\/odtu-kutuphanesi-kurucularindan-furuzan-olsen-icin-duzenlenenen-anma-toreni\/","title":{"rendered":"ODT\u00dc K\u00fct\u00fcphanesi Kurucular\u0131ndan Furuzan Ol\u015fen i\u00e7in D\u00fczenlenenen Anma T\u00f6reni"},"content":{"rendered":"<p>Orta Do\u011fu Teknik \u00dcniversitesi K\u00fct\u00fcphanesi kurucular\u0131ndan, \u00dcniversitemize ve<br \/>\nT\u00fcrk k\u00fct\u00fcphanecili\u011fine uzun y\u0131llar \u00f6nemli hizmetler veren Furuzan<br \/>\nOl\u015fen, 25\u00a0Kas\u0131m 2010 tarihinde Solmaz \u0130zdemir Konferans Salonu&#8217;nda d\u00fczenlenen t\u00f6renle an\u0131lm\u0131\u015f;\u00a0K\u00fct\u00fcphane binas\u0131 i\u00e7erisinde yer alan sergi salonuna, Furuzan Ol\u015fen Sergi Salonu\u00a0ad\u0131 verilmi\u015ftir.<\/p>\n<p>T\u00f6ren kay\u0131tlar\u0131 ile foto\u011fraflar, <a href=\"http:\/\/ww2.lib.metu.edu.tr\/gallery\/\" target=\"_blank\">ODT\u00dc K\u00fct\u00fcphanesi G\u00f6rsel Medya Ar\u015fivi <\/a>sayfas\u0131nda g\u00f6r\u00fclebilir. <strong><span style=\"text-decoration: underline\"><br \/>\n<\/span><\/strong><\/p>\n","protected":false},"excerpt":{"rendered":"<p>Orta Do\u011fu Teknik \u00dcniversitesi K\u00fct\u00fcphanesi kurucular\u0131ndan, \u00dcniversitemize ve T\u00fcrk k\u00fct\u00fcphanecili\u011fine uzun y\u0131llar \u00f6nemli hizmetler veren Furuzan Ol\u015fen, 25\u00a0Kas\u0131m 2010 tarihinde Solmaz \u0130zdemir Konferans Salonu&#8217;nda d\u00fczenlenen t\u00f6renle an\u0131lm\u0131\u015f;\u00a0K\u00fct\u00fcphane binas\u0131 i\u00e7erisinde yer alan sergi salonuna, Furuzan Ol\u015fen Sergi Salonu\u00a0ad\u0131 verilmi\u015ftir. T\u00f6ren kay\u0131tlar\u0131 ile foto\u011fraflar, ODT\u00dc K\u00fct\u00fcphanesi G\u00f6rsel Medya Ar\u015fivi sayfas\u0131nda g\u00f6r\u00fclebilir.<\/p>\n","protected":false},"author":590,"featured_media":0,"comment_status":"open","ping_status":"open","sticky":false,"template":"","format":"standard","meta":{"footnotes":"","_links_to":"","_links_to_target":""},"categories":[4],"tags":[],"class_list":["post-26","post","type-post","status-publish","format-standard","hentry","category-etkinlikler"],"_links":{"self":[{"href":"https:\/\/blog.metu.edu.tr\/library\/wp-json\/wp\/v2\/posts\/26","targetHints":{"allow":["GET"]}}],"collection":[{"href":"https:\/\/blog.metu.edu.tr\/library\/wp-json\/wp\/v2\/posts"}],"about":[{"href":"https:\/\/blog.metu.edu.tr\/library\/wp-json\/wp\/v2\/types\/post"}],"author":[{"embeddable":true,"href":"https:\/\/blog.metu.edu.tr\/library\/wp-json\/wp\/v2\/users\/590"}],"replies":[{"embeddable":true,"href":"https:\/\/blog.metu.edu.tr\/library\/wp-json\/wp\/v2\/comments?post=26"}],"version-history":[{"count":0,"href":"https:\/\/blog.metu.edu.tr\/library\/wp-json\/wp\/v2\/posts\/26\/revisions"}],"wp:attachment":[{"href":"https:\/\/blog.metu.edu.tr\/library\/wp-json\/wp\/v2\/media?parent=26"}],"wp:term":[{"taxonomy":"category","embeddable":true,"href":"https:\/\/blog.metu.edu.tr\/library\/wp-json\/wp\/v2\/categories?post=26"},{"taxonomy":"post_tag","embeddable":true,"href":"https:\/\/blog.metu.edu.tr\/library\/wp-json\/wp\/v2\/tags?post=26"}],"curies":[{"name":"wp","href":"https:\/\/api.w.org\/{rel}","templated":true}]}}