{"id":80,"date":"2012-06-07T17:50:11","date_gmt":"2012-06-07T14:50:11","guid":{"rendered":"http:\/\/blog.metu.edu.tr\/gws\/?p=80"},"modified":"2012-06-07T17:50:11","modified_gmt":"2012-06-07T14:50:11","slug":"odtu-kadin-calismalari-anabilim-dalindan-kurtaj-yasagi-hakkinda-kamuoyuna-duyuru","status":"publish","type":"post","link":"https:\/\/blog.metu.edu.tr\/gws\/2012\/06\/07\/odtu-kadin-calismalari-anabilim-dalindan-kurtaj-yasagi-hakkinda-kamuoyuna-duyuru\/","title":{"rendered":"ODTU Kad\u0131n \u00c7al\u0131\u015fmalar\u0131 Anabilim Dal\u0131ndan K\u00fcrtaj Yasa\u011f\u0131 Hakk\u0131nda Kamuoyuna Duyuru"},"content":{"rendered":"<p>Uluslararas\u0131  insan haklar\u0131 standartlar\u0131 \u00fcreme hakk\u0131n\u0131 ya\u015fam, sa\u011fl\u0131k, \u00f6zel hayat\u0131n  gizlili\u011fi ve ayr\u0131mc\u0131l\u0131\u011fa kar\u015f\u0131 haklar ba\u011flam\u0131nda ele al\u0131r. T\u00fcrkiye de bu  uluslararas\u0131 standartlar \u00e7er\u00e7evesinde haz\u0131rlanm\u0131\u015f olan uluslararas\u0131  s\u00f6zle\u015fmeleri onaylam\u0131\u015f bir \u00fclkedir. Bunlar\u0131n ba\u015f\u0131nda gelen Birle\u015fmi\u015f milletler <em>Kad\u0131nlara Kar\u015f\u0131 Her T\u00fcrl\u00fc Ayr\u0131mc\u0131l\u0131\u011f\u0131n \u00d6nlenmesi S\u00f6zle\u015fmesi (CEDAW)<\/em>, k\u00fcrtaj\u0131 bir su\u00e7 olarak g\u00f6steren yasalara kar\u015f\u0131 \u00e7\u0131kmaktad\u0131r. CEDAW komitesine g\u00f6re  &#8220;Taraf  devletler, kad\u0131nlar\u0131n, do\u011furganl\u0131klar\u0131n\u0131n kontrol\u00fcyle ilgili uygun  hizmetlerin olmamas\u0131 nedeniyle onlar\u0131n yasad\u0131\u015f\u0131 k\u00fcrtaj gibi g\u00fcvenli  olmayan t\u0131bbi uygulamalar aray\u0131\u015f\u0131na girmek zorunda kalmalar\u0131na engel  olmal\u0131d\u0131r.\u201d<\/p>\n<p>B\u00f6yle  olmakla beraber T\u00fcrkiye\u2019de son g\u00fcnlerde bu hakk\u0131n geri al\u0131nmas\u0131 amac\u0131  ile g\u00fcndeme ta\u015f\u0131nmas\u0131, bizleri ciddi olarak kayg\u0131land\u0131rmaktad\u0131r. K\u00fcrtaj  ile ba\u015flayan tart\u0131\u015fman\u0131n kad\u0131nlar\u0131n beden b\u00fct\u00fcnl\u00fc\u011f\u00fc, \u00fcreme haklar\u0131,  cinsel ya\u015famlar\u0131 gibi alanlara kadar geni\u015flemesi, kamuoyunda bu alanlara  devletin rahatl\u0131kla m\u00fcdahale edebilece\u011fi izleniminin yarat\u0131lmas\u0131, kad\u0131n  haklar\u0131 a\u00e7\u0131s\u0131ndan kabul edilemez bir geli\u015fmedir.<\/p>\n<p>Kad\u0131nlar\u0131n  fazla d\u00fc\u015f\u00fcnmeden ve keyfi olarak k\u00fcrtaja ba\u015fvurduklar\u0131 ve bunu bir  do\u011fum kontrol y\u00f6ntemi olarak kulland\u0131klar\u0131 varsay\u0131m\u0131 ile k\u00fcrtaj\u0131  yasaklamak,  kad\u0131n\u0131n insan haklar\u0131na vurulacak en ciddi  darbelerden biri olacakt\u0131r. \u00dclkemizde k\u00fcrtajlar\u0131n esas olarak 35 ya\u015f\u0131n\u0131n  \u00fczerinde ve do\u011furganl\u0131k e\u011filimleri azalm\u0131\u015f kad\u0131n grubunda oldu\u011fu g\u00f6z  \u00f6n\u00fcne al\u0131nd\u0131\u011f\u0131nda, iktidar temsilcilerinin k\u00fcrtaj\u0131n bir do\u011fum kontrol  y\u00f6ntemi olarak kullan\u0131lmakta oldu\u011fu sav\u0131 do\u011frulanmamaktad\u0131r. \u00d6te yandan  d\u00fcnya \u00f6rnekleri k\u00fcrtaj\u0131n yasakland\u0131\u011f\u0131 durumlarda bile, g\u00fcvenli olmayan  ko\u015fullarda uygulan\u0131lmas\u0131na devam edildi\u011fini g\u00f6stermektedir. Nitekim,  D\u00fcnya Sa\u011fl\u0131k \u00d6rg\u00fct\u00fc \u00dcreme Sa\u011fl\u0131\u011f\u0131 Strateji Raporlar\u0131, d\u00fcnyada her y\u0131l  ortalama 45 milyon k\u00fcrtaj\u0131n yap\u0131ld\u0131\u011f\u0131n\u0131 ve bunlar\u0131n 19 milyonunun  g\u00fcvenli olmayan ortam ve ko\u015fullarda ger\u00e7ekle\u015fti\u011fini g\u00f6stermektedir.  \u00d6rg\u00fct, g\u00fcvenli ellerde yap\u0131lmayan bu k\u00fcrtajlardan dolay\u0131 her y\u0131l 68 bin  kad\u0131n\u0131n \u00f6ld\u00fc\u011f\u00fcn\u00fc a\u00e7\u0131klamaktad\u0131r. K\u00fcrtajdan \u00f6len bu kad\u0131nlar\u0131n say\u0131s\u0131,  gebelikle ili\u015fkili olarak \u00f6len 500 bin kad\u0131n\u0131n % 13\u2019\u00fcne kar\u015f\u0131l\u0131k  gelmektedir. K\u00fcrtajdan kaynaklanan rapor edilmemi\u015f \u00f6l\u00fcmlerin varl\u0131\u011f\u0131 da  hesaba kat\u0131ld\u0131\u011f\u0131nda bu kad\u0131nlar\u0131n say\u0131lar\u0131n\u0131n \u00e7ok daha fazla oldu\u011fu  sonucuna var\u0131labilir.<\/p>\n<p>\u00dclkemizde  de k\u00fcrtaja dair getirilecek k\u0131s\u0131tlamalar ve yasaklamalar, a\u00e7\u0131kt\u0131r ki  t\u0131p mesle\u011fi elemanlar\u0131n\u0131n yerini ehliyetsiz ki\u015filerin almas\u0131na, k\u00fcrtaj\u0131n  g\u00fcvenli olmayan yerlerde ve ko\u015fullarda yap\u0131lmas\u0131na yol a\u00e7acakt\u0131r.<\/p>\n<p>K\u00fcrtaj\u0131n  bir do\u011fum kontrol y\u00f6ntemi olarak kullan\u0131lmas\u0131n\u0131 engellemek i\u00e7in do\u011fru  strateji, onu yasaklamak de\u011fil, aile planlamas\u0131 ve \u00fcreme sa\u011fl\u0131\u011f\u0131  hizmetlerinin kalitesini art\u0131rmak ve \u00fclke genelinde yayg\u0131nla\u015fmas\u0131n\u0131  sa\u011flamak olmal\u0131d\u0131r.<\/p>\n<p>Arzu  edilmeyen gebeliklerin olmas\u0131n\u0131 ve k\u00fcrtajla sonu\u00e7lanmas\u0131n\u0131 \u00f6nlemek i\u00e7in  kad\u0131nlar ve erkeklerin cinsel e\u011fitim ve modern do\u011fum kontrol  y\u00f6ntemlerine ili\u015fkin bilgilere erken ya\u015flardan ba\u015flayarak kolayl\u0131kla  ula\u015fmalar\u0131n\u0131 temin etmek gerekmektedir.<\/p>\n<p>Kad\u0131nlar\u0131n  bedenlerini denetleme g\u00fcc\u00fcn\u00fc elinde bulundurmak isteyen, onlar\u0131 her  \u015fekilde ara\u00e7salla\u015ft\u0131ran politik m\u00fcdahalelerin, kad\u0131nlara atfedilen rol  ve de\u011ferlerle \u00e7ok yak\u0131ndan ilgili oldu\u011fu g\u00f6r\u00fc\u015f\u00fcndeyiz. Bug\u00fcn T\u00fcrkiye\u2019de  kad\u0131nlar her a\u00e7\u0131dan ger\u00e7ek bir de\u011fersizle\u015ftirme s\u00fcrecinin \u00f6zneleri  olmaktad\u0131rlar. Kendilerine birey olarak de\u011fer verilmek yerine varl\u0131klar\u0131  aile ve evlilik kurumlar\u0131n\u0131n i\u00e7inde eritilmek istenmektedir. Evlili\u011fin  her kad\u0131n\u0131n ya\u015fam\u0131nda nihai ama\u00e7 olmas\u0131 gerekti\u011fini savunan,  bo\u015fanmalar\u0131 olumsuzlayan, kad\u0131nlar\u0131n \u00fccretli \u00e7al\u0131\u015fmas\u0131ndan yana olmayan,  buna kar\u015f\u0131l\u0131k anneli\u011fi ve ev kad\u0131nl\u0131\u011f\u0131n\u0131 tek olumlu de\u011fer olarak g\u00f6ren,  kad\u0131n cinselli\u011fi \u00fczerinde ahlaki bask\u0131 olu\u015fturan ataerkil anlay\u0131\u015flar\u0131n  \u015fimdi de kad\u0131nlar\u0131n bedenlerine m\u00fcdahale etmeleri bu de\u011fersizle\u015ftirme  s\u00fcrecinin bir par\u00e7as\u0131d\u0131r.<\/p>\n<p>T\u00fcrkiye\u2019de  kad\u0131nlar\u0131n de\u011fersizle\u015ftirilme s\u00fcrecinin iyi anla\u015f\u0131lmas\u0131 ve bu s\u00fcrecin  tersine \u00e7evrilmesi gerekmektedir. Kad\u0131na \u00f6ncelikle insan haklar\u0131na sahip  bir birey olarak de\u011fer veren, kad\u0131n erkek e\u015fitli\u011fine inanan ve  ayr\u0131mc\u0131l\u0131\u011f\u0131 reddeden \u00e7evreleri bu e\u015fitli\u011fi savunmaya davet ediyoruz.<\/p>\n<p>Orta Do\u011fu Teknik \u00dcniversitesi<\/p>\n<p>Kad\u0131n \u00c7al\u0131\u015fmalar\u0131 Anabilim Dal\u0131<\/p>\n","protected":false},"excerpt":{"rendered":"<p>Uluslararas\u0131 insan haklar\u0131 standartlar\u0131 \u00fcreme hakk\u0131n\u0131 ya\u015fam, sa\u011fl\u0131k, \u00f6zel hayat\u0131n gizlili\u011fi ve ayr\u0131mc\u0131l\u0131\u011fa kar\u015f\u0131 haklar ba\u011flam\u0131nda ele al\u0131r. T\u00fcrkiye de bu uluslararas\u0131 standartlar \u00e7er\u00e7evesinde haz\u0131rlanm\u0131\u015f olan uluslararas\u0131 s\u00f6zle\u015fmeleri onaylam\u0131\u015f bir \u00fclkedir. Bunlar\u0131n ba\u015f\u0131nda gelen Birle\u015fmi\u015f milletler Kad\u0131nlara Kar\u015f\u0131 Her T\u00fcrl\u00fc Ayr\u0131mc\u0131l\u0131\u011f\u0131n \u00d6nlenmesi S\u00f6zle\u015fmesi (CEDAW), k\u00fcrtaj\u0131 bir su\u00e7 olarak g\u00f6steren yasalara kar\u015f\u0131 \u00e7\u0131kmaktad\u0131r. CEDAW komitesine g\u00f6re [&hellip;]<\/p>\n","protected":false},"author":570,"featured_media":0,"comment_status":"open","ping_status":"open","sticky":false,"template":"","format":"standard","meta":{"footnotes":"","_links_to":"","_links_to_target":""},"categories":[4,5],"tags":[7,8,19,21,23,26,28,32,44],"class_list":["post-80","post","type-post","status-publish","format-standard","hentry","category-genel","category-news","tag-abortion","tag-abortion-ban","tag-feminizm","tag-gender","tag-gws","tag-kadin-calismalari","tag-middle-east","tag-odtu","tag-women"],"_links":{"self":[{"href":"https:\/\/blog.metu.edu.tr\/gws\/wp-json\/wp\/v2\/posts\/80","targetHints":{"allow":["GET"]}}],"collection":[{"href":"https:\/\/blog.metu.edu.tr\/gws\/wp-json\/wp\/v2\/posts"}],"about":[{"href":"https:\/\/blog.metu.edu.tr\/gws\/wp-json\/wp\/v2\/types\/post"}],"author":[{"embeddable":true,"href":"https:\/\/blog.metu.edu.tr\/gws\/wp-json\/wp\/v2\/users\/570"}],"replies":[{"embeddable":true,"href":"https:\/\/blog.metu.edu.tr\/gws\/wp-json\/wp\/v2\/comments?post=80"}],"version-history":[{"count":0,"href":"https:\/\/blog.metu.edu.tr\/gws\/wp-json\/wp\/v2\/posts\/80\/revisions"}],"wp:attachment":[{"href":"https:\/\/blog.metu.edu.tr\/gws\/wp-json\/wp\/v2\/media?parent=80"}],"wp:term":[{"taxonomy":"category","embeddable":true,"href":"https:\/\/blog.metu.edu.tr\/gws\/wp-json\/wp\/v2\/categories?post=80"},{"taxonomy":"post_tag","embeddable":true,"href":"https:\/\/blog.metu.edu.tr\/gws\/wp-json\/wp\/v2\/tags?post=80"}],"curies":[{"name":"wp","href":"https:\/\/api.w.org\/{rel}","templated":true}]}}