{"id":72,"date":"2012-03-04T11:57:58","date_gmt":"2012-03-04T08:57:58","guid":{"rendered":"http:\/\/blog.metu.edu.tr\/gws\/?p=72"},"modified":"2012-03-04T11:57:58","modified_gmt":"2012-03-04T08:57:58","slug":"kadinlar-siddetle-mucadele-tasarisindan-hesap-soracak","status":"publish","type":"post","link":"https:\/\/blog.metu.edu.tr\/gws\/2012\/03\/04\/kadinlar-siddetle-mucadele-tasarisindan-hesap-soracak\/","title":{"rendered":"Kad\u0131nlar, &#8216;\u015eiddetle M\u00fccadele Tasar\u0131s\u0131&#8217;ndan hesap soracak!"},"content":{"rendered":"<p><span style=\"font-size: 11px\"><span style=\"font-family: verdana,geneva,sans-serif\">\u015eiddete  Son Platformu kurucular\u0131ndan Avukat H\u00fclya G\u00fclbahar, TBMM&#8217;ne sevkedilen  \u015eiddetle M\u00fccadele Yasa Tasar\u0131s\u0131&#8217;n\u0131 KAZETE&#8217;ye de\u011ferlendirdi<\/span><\/span><\/p>\n<p><strong><span style=\"font-size: 11px\"><span style=\"font-family: verdana,geneva,sans-serif\">Kazete<br \/>\n1 Mart 2012<\/span><\/span><\/strong><\/p>\n<p><span style=\"font-size: 11px\"><span style=\"font-family: verdana,geneva,sans-serif\">TBMM  Kad\u0131n Erkek F\u0131rsat E\u015fitli\u011fi Komisyonu&#8217;nda g\u00f6r\u00fc\u015f\u00fcld\u00fckten sonra Adalet  Komisyonu&#8217;na g\u00f6nderilerek s\u00fcratle 8 Mart D\u00fcnya Emek\u00e7i Kad\u0131nlar G\u00fcn\u00fc&#8217;ne  kadar yasala\u015ft\u0131r\u0131lmaya \u00e7al\u0131\u015f\u0131lan <strong>Kad\u0131n\u0131n ve Aile Bireylerinin \u015eiddetten Korunmas\u0131na Dair Yasa Tasar\u0131s\u0131<\/strong>&#8216;n\u0131 236 kad\u0131n \u00f6rg\u00fct\u00fcn\u00fcn \u00e7at\u0131 kurulu\u015fu \u015eiddete Son Platformu tepkiyle kar\u015f\u0131lad\u0131.<\/span><\/span><\/p>\n<p>Platform ad\u0131na tasar\u0131y\u0131 KAZETE&#8217;ye de\u011ferlendiren Avukat <strong>H\u00fclya G\u00fclbahar<\/strong>,  &#8220;Bu tasar\u0131 kad\u0131n \u00f6rg\u00fctlerinin tasar\u0131s\u0131 de\u011fil! Zaten bu tasar\u0131 &#8216;\u015eiddetle  M\u00fccadele Tasar\u0131s\u0131&#8217; da de\u011fil. Olsa olsa aileyi koruma politikalar\u0131ndan  biri daha\u2026&#8221; dedi.<\/p>\n<p>H\u00fclya G\u00fclbahar&#8217;\u0131n tasar\u0131yla ilgili de\u011ferlendirmesi \u015f\u00f6yle:<\/p>\n<p>&#8220;Kad\u0131n cinayetlerinin \u00f6nlenmesi ve kad\u0131na y\u00f6nelik \u015fiddetle m\u00fccadelede  etkin \u00f6nlemler getirmesi i\u00e7in y\u0131llard\u0131r beklenen yasa tasar\u0131s\u0131, 24 \u015eubat  2012 gecesi TBMM\u2019ye sevkedildi. Art\u0131k al\u0131\u015ft\u0131k, geceleri oluyor bu  i\u015fler\u2026 D\u00fcnya tarihinin, sadece geceleri \u00e7al\u0131\u015fan ilk ve tek  parlamentosuna sahip olmakla diledi\u011fimizce \u00f6v\u00fcnebiliriz.<\/p>\n<p>Kad\u0131n \u00f6rg\u00fctlerinin (\u015fiddetle m\u00fccadele i\u00e7in y\u0131llard\u0131r y\u00fckseltti\u011fi  m\u00fccadele bir yana), \u00f6zellikle 19 Eyl\u00fcl 2011 tarihinden itibaren Aile ve  Sosyal Politikalar Bakanl\u0131\u011f\u0131 ile yapt\u0131\u011f\u0131 yo\u011fun \u00e7al\u0131\u015fmalar sonucunda  olu\u015fturulan ve 30 Ocak 2012 tarihinde Bakanlar Kurulu\u2019nun imzas\u0131na  a\u00e7\u0131lan yasa tasla\u011f\u0131, kad\u0131n yerine aileyi esas alacak bi\u00e7imde isim  de\u011fi\u015fikli\u011fi yap\u0131larak ve d\u00f6rt bir yan\u0131ndan budanarak meclise sevk  edildi.<\/p>\n<p>236 kad\u0131n \u00f6rg\u00fct\u00fcn\u00fcn olu\u015fturdu\u011fu \u201c\u015eiddete Son Kad\u0131n Platformu\u201d ve  platformun 33 sayfal\u0131k alternatif tasla\u011f\u0131n\u0131 destekleyen t\u00fcm kad\u0131n  platformlar\u0131 ve kad\u0131nlar; nefeslerini tutmu\u015f, bakanlar kurulundan  \u00e7\u0131kacak tasla\u011f\u0131 bekliyordu. Herkes b\u00fcy\u00fck bir merak i\u00e7indeydi. \u00c7\u00fcnk\u00fc daha  \u00f6nce kad\u0131n \u00f6rg\u00fctlerinden habersiz olarak Bakanlar Kurulu\u2019na sevkedilen  ilk taslaktaki \u201cyak\u0131n beraberlik i\u00e7inde ya\u015fayanlar\u201d kavram\u0131 \u00e7\u0131kar\u0131lm\u0131\u015f  ve taslak yeniden Aile ve Sosyal Politikalar Bakanl\u0131\u011f\u0131\u2019na iade  edilmi\u015fti. Resmi nikah olmayan beraberlikleri bir anda kapsam d\u0131\u015f\u0131na  iten bu m\u00fcdahale, \u015fiddetle ilgili y\u00fcr\u00fcrl\u00fckteki 4320 say\u0131l\u0131 yasan\u0131n bile  gerisinde bir d\u00fczenleme istedi\u011fi i\u00e7in kamuoyunda b\u00fcy\u00fck bir tart\u0131\u015fma  yaratm\u0131\u015ft\u0131.<\/p>\n<p>Bu tart\u0131\u015fma, ister \u201cyeni hay\u0131rlara vesile oldu\u201d diyelim, ister \u201cyeni  bir oyalama\/sorunu unutturma s\u00fcrecini ba\u015flatt\u0131\u201d diyelim; sonu\u00e7ta kad\u0131n  \u00f6rg\u00fctlerinin m\u00fcdahalesi ile tasla\u011f\u0131n ba\u015f\u0131ndan sonuna de\u011fi\u015ftirilmesini  sa\u011flad\u0131. \u015eiddete Son Kad\u0131n Platformu\u2019nun Bakanl\u0131kla oturdu\u011fu m\u00fczakere  s\u00fcrecinin sonunda, kad\u0131n \u00f6rg\u00fctlerinin i\u00e7ine tamamen sinmese de, eski  haline g\u00f6re daha etkili bir yasa tasla\u011f\u0131 olu\u015fturuldu. Bakanl\u0131\u011f\u0131n her  d\u00fczeydeki yetkilileri ise, kalan eksikliklerin, TBMM\u2019deki komisyonlarda  tamamlanaca\u011f\u0131 s\u00f6z\u00fc verdi.<\/p>\n<p><strong>Bu tasla\u011f\u0131n en \u00f6nemli \u00f6zellikleri:<\/strong><\/p>\n<p>&#8211; kad\u0131na kar\u015f\u0131 \u015fiddetin as\u0131l kayna\u011f\u0131\/nedeni olan kad\u0131n-erkek  e\u015fitsizli\u011fini, toplumsal cinsiyet rollerini yasan\u0131n ana eksenine koymaya  \u00e7al\u0131\u015fmas\u0131,<br \/>\n&#8211; t\u00fcm yetersizliklerine ra\u011fmen, T\u00fcrkiye \u00e7ap\u0131nda 7\/24 \u00e7al\u0131\u015facak kad\u0131n merkezleri ile \u015fiddetin takibini \u00f6ng\u00f6rmesi,<br \/>\n&#8211; ve ayn\u0131 zamanda da \u015fiddet uygulayan erkeklere kar\u015f\u0131 al\u0131nacak  tedbirlerde, onlar\u0131n temel insan haklar\u0131na\/onuruna sayg\u0131 g\u00f6sterilmesi  kural\u0131n\u0131 getirmesi idi.<\/p>\n<p>Bakanlar Kurulu, bu d\u00fczenlemelerin t\u00fcm\u00fcn\u00fc \u00e7izdi; yasan\u0131n ve 7\/24 kad\u0131n  merkezlerinin i\u00e7eri\u011fini bo\u015faltarak; gerek meclisin, gerek kamuoyunun  \u00f6n\u00fcne hi\u00e7bir ciddiyeti ve samimiyeti olmayan bir tasar\u0131 m\u00fcsveddesi att\u0131.<\/p>\n<p>\u015eimdi, bas\u0131na servis edilen bildiriler ile \u201ckad\u0131n \u00f6rg\u00fctleri ile  birlikte haz\u0131rlanm\u0131\u015f (!)\u201d bu tasar\u0131n\u0131n 8 Mart D\u00fcnya Kad\u0131nlar G\u00fcn\u00fc\u2019nde  yasala\u015fmas\u0131n\u0131 hedeflendi\u011fi a\u00e7\u0131klan\u0131yor. Benzer yasa yapma s\u00fcre\u00e7lerinden  de tan\u0131d\u0131\u011f\u0131m\u0131z \u00fczere, kendilerince \u201ci\u015f bitti\u201d deniyor.<\/p>\n<p>Haberin devam\u0131 i\u00e7in: <a href=\"http:\/\/www.ucansupurge.org\/turkce\/index2.php?Hbr=543\">http:\/\/www.ucansupurge.org\/turkce\/index2.php?Hbr=543<\/a><\/p>\n","protected":false},"excerpt":{"rendered":"<p>\u015eiddete Son Platformu kurucular\u0131ndan Avukat H\u00fclya G\u00fclbahar, TBMM&#8217;ne sevkedilen \u015eiddetle M\u00fccadele Yasa Tasar\u0131s\u0131&#8217;n\u0131 KAZETE&#8217;ye de\u011ferlendirdi Kazete 1 Mart 2012 TBMM Kad\u0131n Erkek F\u0131rsat E\u015fitli\u011fi Komisyonu&#8217;nda g\u00f6r\u00fc\u015f\u00fcld\u00fckten sonra Adalet Komisyonu&#8217;na g\u00f6nderilerek s\u00fcratle 8 Mart D\u00fcnya Emek\u00e7i Kad\u0131nlar G\u00fcn\u00fc&#8217;ne kadar yasala\u015ft\u0131r\u0131lmaya \u00e7al\u0131\u015f\u0131lan Kad\u0131n\u0131n ve Aile Bireylerinin \u015eiddetten Korunmas\u0131na Dair Yasa Tasar\u0131s\u0131&#8216;n\u0131 236 kad\u0131n \u00f6rg\u00fct\u00fcn\u00fcn \u00e7at\u0131 kurulu\u015fu \u015eiddete [&hellip;]<\/p>\n","protected":false},"author":570,"featured_media":0,"comment_status":"open","ping_status":"open","sticky":false,"template":"","format":"standard","meta":{"footnotes":"","_links_to":"","_links_to_target":""},"categories":[4,5],"tags":[],"class_list":["post-72","post","type-post","status-publish","format-standard","hentry","category-genel","category-news"],"_links":{"self":[{"href":"https:\/\/blog.metu.edu.tr\/gws\/wp-json\/wp\/v2\/posts\/72","targetHints":{"allow":["GET"]}}],"collection":[{"href":"https:\/\/blog.metu.edu.tr\/gws\/wp-json\/wp\/v2\/posts"}],"about":[{"href":"https:\/\/blog.metu.edu.tr\/gws\/wp-json\/wp\/v2\/types\/post"}],"author":[{"embeddable":true,"href":"https:\/\/blog.metu.edu.tr\/gws\/wp-json\/wp\/v2\/users\/570"}],"replies":[{"embeddable":true,"href":"https:\/\/blog.metu.edu.tr\/gws\/wp-json\/wp\/v2\/comments?post=72"}],"version-history":[{"count":0,"href":"https:\/\/blog.metu.edu.tr\/gws\/wp-json\/wp\/v2\/posts\/72\/revisions"}],"wp:attachment":[{"href":"https:\/\/blog.metu.edu.tr\/gws\/wp-json\/wp\/v2\/media?parent=72"}],"wp:term":[{"taxonomy":"category","embeddable":true,"href":"https:\/\/blog.metu.edu.tr\/gws\/wp-json\/wp\/v2\/categories?post=72"},{"taxonomy":"post_tag","embeddable":true,"href":"https:\/\/blog.metu.edu.tr\/gws\/wp-json\/wp\/v2\/tags?post=72"}],"curies":[{"name":"wp","href":"https:\/\/api.w.org\/{rel}","templated":true}]}}