{"id":32,"date":"2024-10-28T08:52:13","date_gmt":"2024-10-28T08:52:13","guid":{"rendered":"https:\/\/blog.metu.edu.tr\/e242422\/?p=32"},"modified":"2024-10-28T08:52:45","modified_gmt":"2024-10-28T08:52:45","slug":"iklim-degisikligi","status":"publish","type":"post","link":"https:\/\/blog.metu.edu.tr\/e242422\/iklim-degisikligi\/","title":{"rendered":"\u0130klim De\u011fi\u015fikli\u011fi"},"content":{"rendered":"<p><strong>\u0130klim De\u011fi\u015fikli\u011fi ve Sosyal E\u015fitsizlik: \u00c7evresel Krizin Toplum \u00dczerindeki Etkileri<\/strong><\/p>\n<p>\u0130klim de\u011fi\u015fikli\u011fi, d\u00fcnyan\u0131n d\u00f6rt bir yan\u0131nda etkisini g\u00f6steren k\u00fcresel bir kriz olarak, do\u011fal \u00e7evreyi oldu\u011fu kadar toplumlar\u0131 da derinlemesine etkilemektedir. Do\u011fal afetler, hava s\u0131cakl\u0131klar\u0131n\u0131n y\u00fckselmesi, su kaynaklar\u0131n\u0131n azalmas\u0131 gibi \u00e7evresel sorunlar, toplumlar \u00fczerinde ekonomik, sosyal ve k\u00fclt\u00fcrel a\u00e7\u0131dan ciddi sonu\u00e7lar do\u011furur. <a href=\"https:\/\/urolojidunyasi.com\/testis-agrisi-nedir\/\">Testis a\u011fr\u0131s\u0131 <\/a>Ancak bu kriz, toplumdaki t\u00fcm bireyleri ayn\u0131 \u015fekilde etkilememektedir. \u0130klim de\u011fi\u015fikli\u011fi, \u00f6zellikle sosyoekonomik d\u00fczeyi d\u00fc\u015f\u00fck bireyleri ve toplumlar\u0131 daha fazla etkileyerek, sosyal e\u015fitsizliklerin derinle\u015fmesine yol a\u00e7ar. Bu makalede, iklim de\u011fi\u015fikli\u011finin sosyal e\u015fitsizlik \u00fczerindeki etkileri ve bu sorunun toplum yap\u0131s\u0131nda nas\u0131l bir de\u011fi\u015fim yaratt\u0131\u011f\u0131 incelenecektir.<\/p>\n<h3>\u0130klim De\u011fi\u015fikli\u011finin Yoksulluk \u00dczerindeki Etkileri<\/h3>\n<p>\u0130klim de\u011fi\u015fikli\u011fi, do\u011frudan yoksul kesimleri daha fazla etkiler. \u00d6zellikle geli\u015fmekte olan \u00fclkelerde ve ekonomik a\u00e7\u0131dan zay\u0131f b\u00f6lgelerde ya\u015fayan insanlar, do\u011fal afetlere ve iklim de\u011fi\u015fikli\u011finin yaratt\u0131\u011f\u0131 krizlere kar\u015f\u0131 daha savunmas\u0131zd\u0131r. <a href=\"https:\/\/urolojidunyasi.com\/erkegin-sertlesmesi-icin-kadin-ne-yapmali\/\">Sertle\u015fme sorunu <\/a>Bu topluluklar\u0131n genellikle g\u00fcvenilir bar\u0131nma, sa\u011fl\u0131kl\u0131 g\u0131da ve temiz suya eri\u015fim olanaklar\u0131 s\u0131n\u0131rl\u0131d\u0131r. Sel, kurakl\u0131k veya kas\u0131rga gibi iklim de\u011fi\u015fikli\u011finden kaynaklanan olaylar, bu b\u00f6lgelerde ya\u015fayan insanlar\u0131n ya\u015fam ko\u015fullar\u0131n\u0131 daha da zorla\u015ft\u0131r\u0131r. \u0130klim de\u011fi\u015fikli\u011finin yoksulluk \u00fczerindeki etkisi, ekonomik kaynaklara ve sosyal deste\u011fe sahip olmayan insanlar\u0131n daha fazla kay\u0131p ya\u015famas\u0131na sebep olurken, bu topluluklar\u0131n iklim de\u011fi\u015fikli\u011fine uyum sa\u011flama kapasitesini de s\u0131n\u0131rlar.<\/p>\n<p>Yoksul b\u00f6lgelerde ya\u015fayan bireyler, ge\u00e7imlerini sa\u011flamak i\u00e7in tar\u0131m gibi iklime ba\u011f\u0131ml\u0131 sekt\u00f6rlere y\u00f6nelirler. Ancak iklim de\u011fi\u015fikli\u011fi, tar\u0131mda verimlili\u011fin azalmas\u0131na ve g\u0131da g\u00fcvenli\u011finin tehdit edilmesine yol a\u00e7ar. Kurakl\u0131k veya a\u015f\u0131r\u0131 hava olaylar\u0131 nedeniyle <a href=\"https:\/\/urolojidunyasi.com\/kadinlarda-sabah-ereksiyonu\/\">Kad\u0131nlarda sabah ereksiyonu <\/a>tar\u0131m \u00fcretiminin d\u00fc\u015fmesi, bu b\u00f6lgelerdeki ailelerin gelirlerini do\u011frudan etkiler. Bu durum, ekonomik olarak k\u0131r\u0131lgan olan bireylerin iklim de\u011fi\u015fikli\u011fine kar\u015f\u0131 \u00e7ok daha savunmas\u0131z hale gelmesine yol a\u00e7ar.<\/p>\n<h3>\u00c7evresel G\u00f6\u00e7 ve Kentlerde Sosyal E\u015fitsizlik<\/h3>\n<p>\u0130klim de\u011fi\u015fikli\u011fi nedeniyle ortaya \u00e7\u0131kan \u00e7evresel g\u00f6\u00e7, ba\u015fka bir sosyal e\u015fitsizlik kayna\u011f\u0131d\u0131r. Do\u011fal afetler, k\u0131rsal alanlarda ya\u015fayan bireylerin ya\u015fad\u0131klar\u0131 yerleri terk etmek zorunda kalmalar\u0131na neden olabilir. \u0130klim g\u00f6\u00e7menleri olarak bilinen bu bireyler, genellikle daha g\u00fcvenli ya\u015fam ko\u015fullar\u0131 aray\u0131\u015f\u0131yla kentlere g\u00f6\u00e7 ederler. Ancak, kentlerde sosyal uyum sa\u011flamak ve i\u015f bulmak, ekonomik ve sosyal destekten yoksun olan bu bireyler i\u00e7in zor olabilir. Kentlere g\u00f6\u00e7 eden \u00e7evresel g\u00f6\u00e7menler, d\u00fc\u015f\u00fck gelirli mahallelerde yo\u011funla\u015farak kentlerdeki e\u015fitsizlikleri art\u0131r\u0131r ve yeni sosyal gerilimlere sebep olabilir.<\/p>\n<p>Bu durum, kentsel altyap\u0131 \u00fczerinde de bask\u0131 yarat\u0131r. Sa\u011fl\u0131k hizmetleri, konut, e\u011fitim ve istihdam gibi alanlarda artan talep, kentlerin bu hizmetleri sa\u011flamada yetersiz kalmas\u0131na yol a\u00e7abilir. Sonu\u00e7 olarak, \u00e7evresel g\u00f6\u00e7menler ve mevcut kent sakinleri aras\u0131nda kaynak payla\u015f\u0131m\u0131 konusunda rekabet ve \u00e7at\u0131\u015fma ya\u015fanabilir. Bu durum, toplumsal uyumu zedeleyebilir ve sosyal e\u015fitsizlikleri daha g\u00f6r\u00fcn\u00fcr hale getirebilir.<\/p>\n<h3>\u00c7\u00f6z\u00fcm Aray\u0131\u015flar\u0131 ve Sosyal Adalet<\/h3>\n<p>\u0130klim de\u011fi\u015fikli\u011fi ve sosyal e\u015fitsizlik aras\u0131ndaki ili\u015fki, adil ve s\u00fcrd\u00fcr\u00fclebilir \u00e7\u00f6z\u00fcmler bulunmas\u0131n\u0131 gerektirir. \u0130klim de\u011fi\u015fikli\u011fi politikalar\u0131n\u0131n sosyal adalet perspektifinden ele al\u0131nmas\u0131, k\u0131r\u0131lgan gruplar\u0131n desteklenmesi a\u00e7\u0131s\u0131ndan \u00f6nemlidir. \u00d6rne\u011fin, yoksul b\u00f6lgelere y\u00f6nelik iklim adaptasyon projeleri, temiz enerjiye eri\u015fimin art\u0131r\u0131lmas\u0131 ve \u00e7evresel risklerden etkilenen bireylerin desteklenmesi gibi politikalar, sosyal e\u015fitsizlikleri azaltmaya yard\u0131mc\u0131 olabilir.<\/p>\n<p>Toplumun t\u00fcm kesimlerinin iklim de\u011fi\u015fikli\u011fi ile m\u00fccadeleye dahil edilmesi, daha adil ve kapsay\u0131c\u0131 \u00e7\u00f6z\u00fcmler \u00fcretilmesini sa\u011flar. Ayr\u0131ca, \u00e7evre bilincinin art\u0131r\u0131lmas\u0131 ve iklim de\u011fi\u015fikli\u011finin yarataca\u011f\u0131 riskler hakk\u0131nda toplumsal fark\u0131ndal\u0131\u011f\u0131n y\u00fckseltilmesi, toplumlar\u0131n iklim de\u011fi\u015fikli\u011fine uyum sa\u011flamas\u0131na ve toplumsal dayan\u0131kl\u0131l\u0131\u011f\u0131 art\u0131rmas\u0131na katk\u0131da bulunur.<\/p>\n<h3>Sonu\u00e7<\/h3>\n<p>\u0130klim de\u011fi\u015fikli\u011fi, sosyal e\u015fitsizlikleri derinle\u015ftiren bir kriz olarak kar\u015f\u0131m\u0131za \u00e7\u0131kmaktad\u0131r. Yoksul kesimler, \u00e7evresel g\u00f6\u00e7menler ve ekonomik olarak k\u0131r\u0131lgan gruplar, iklim de\u011fi\u015fikli\u011finin olumsuz etkilerine kar\u015f\u0131 daha savunmas\u0131zd\u0131r. \u0130klim de\u011fi\u015fikli\u011fine y\u00f6nelik adil \u00e7\u00f6z\u00fcmler geli\u015ftirilmesi, toplumlar\u0131n bu krizi daha etkili bir \u015fekilde y\u00f6netmesine katk\u0131 sa\u011flar. Sosyal adalet perspektifiyle ele al\u0131nan iklim politikalar\u0131, sadece \u00e7evresel de\u011fil ayn\u0131 zamanda toplumsal sorunlar\u0131n \u00e7\u00f6z\u00fcm\u00fcnde de \u00f6nemli bir rol oynayacakt\u0131r.<\/p>\n","protected":false},"excerpt":{"rendered":"<p>\u0130klim De\u011fi\u015fikli\u011fi ve Sosyal E\u015fitsizlik: \u00c7evresel Krizin Toplum \u00dczerindeki Etkileri \u0130klim de\u011fi\u015fikli\u011fi, d\u00fcnyan\u0131n d\u00f6rt bir yan\u0131nda etkisini g\u00f6steren k\u00fcresel bir kriz olarak, do\u011fal \u00e7evreyi oldu\u011fu kadar toplumlar\u0131 da derinlemesine etkilemektedir. Do\u011fal afetler, hava s\u0131cakl\u0131klar\u0131n\u0131n y\u00fckselmesi, su kaynaklar\u0131n\u0131n azalmas\u0131 gibi \u00e7evresel sorunlar, toplumlar \u00fczerinde ekonomik, sosyal ve k\u00fclt\u00fcrel a\u00e7\u0131dan ciddi sonu\u00e7lar do\u011furur. Testis a\u011fr\u0131s\u0131 Ancak bu [&hellip;]<\/p>\n","protected":false},"author":9140,"featured_media":0,"comment_status":"closed","ping_status":"closed","sticky":false,"template":"","format":"standard","meta":{"footnotes":"","_links_to":"","_links_to_target":""},"categories":[1],"tags":[],"class_list":["post-32","post","type-post","status-publish","format-standard","hentry","category-uncategorized"],"_links":{"self":[{"href":"https:\/\/blog.metu.edu.tr\/e242422\/wp-json\/wp\/v2\/posts\/32","targetHints":{"allow":["GET"]}}],"collection":[{"href":"https:\/\/blog.metu.edu.tr\/e242422\/wp-json\/wp\/v2\/posts"}],"about":[{"href":"https:\/\/blog.metu.edu.tr\/e242422\/wp-json\/wp\/v2\/types\/post"}],"author":[{"embeddable":true,"href":"https:\/\/blog.metu.edu.tr\/e242422\/wp-json\/wp\/v2\/users\/9140"}],"replies":[{"embeddable":true,"href":"https:\/\/blog.metu.edu.tr\/e242422\/wp-json\/wp\/v2\/comments?post=32"}],"version-history":[{"count":0,"href":"https:\/\/blog.metu.edu.tr\/e242422\/wp-json\/wp\/v2\/posts\/32\/revisions"}],"wp:attachment":[{"href":"https:\/\/blog.metu.edu.tr\/e242422\/wp-json\/wp\/v2\/media?parent=32"}],"wp:term":[{"taxonomy":"category","embeddable":true,"href":"https:\/\/blog.metu.edu.tr\/e242422\/wp-json\/wp\/v2\/categories?post=32"},{"taxonomy":"post_tag","embeddable":true,"href":"https:\/\/blog.metu.edu.tr\/e242422\/wp-json\/wp\/v2\/tags?post=32"}],"curies":[{"name":"wp","href":"https:\/\/api.w.org\/{rel}","templated":true}]}}