{"id":25,"date":"2024-10-21T15:45:41","date_gmt":"2024-10-21T15:45:41","guid":{"rendered":"https:\/\/blog.metu.edu.tr\/e242422\/?p=25"},"modified":"2024-10-21T15:45:44","modified_gmt":"2024-10-21T15:45:44","slug":"kentlesme-ve-toplumsal-yapi","status":"publish","type":"post","link":"https:\/\/blog.metu.edu.tr\/e242422\/kentlesme-ve-toplumsal-yapi\/","title":{"rendered":"Kentle\u015fme ve Toplumsal Yap\u0131"},"content":{"rendered":"<p>Kentle\u015fme, sanayile\u015fme ile birlikte h\u0131z kazanan ve k\u0131rsal alanlardan \u015fehir merkezlerine do\u011fru ger\u00e7ekle\u015fen b\u00fcy\u00fck bir g\u00f6\u00e7 hareketidir. Bu s\u00fcre\u00e7, insanlar\u0131n toplumsal ya\u015fam\u0131n\u0131, sosyal ili\u015fkilerini ve ekonomik yap\u0131s\u0131n\u0131 derinden etkileyen bir d\u00f6n\u00fc\u015f\u00fcm s\u00fcrecidir. \u00d6zellikle son y\u00fczy\u0131lda h\u0131zla artan kentle\u015fme, toplumsal yap\u0131 <a href=\"https:\/\/urolojidunyasi.com\/idrar-yolu-enfeksiyonu\/\">\u0130drar yolu enfeksiyonu ila\u00e7lar\u0131 <\/a>\u00fczerinde b\u00fcy\u00fck etkiler yaratm\u0131\u015ft\u0131r. \u015eehirlerdeki yo\u011fun n\u00fcfus ve h\u0131zl\u0131 ya\u015fam tarz\u0131, bireylerin toplumsal ili\u015fkilerinde de\u011fi\u015fikliklere yol a\u00e7m\u0131\u015f, sosyal s\u0131n\u0131flar aras\u0131ndaki farklar\u0131 derinle\u015ftirmi\u015f ve bireylerin kent hayat\u0131na uyum sa\u011flama s\u00fcre\u00e7lerinde zorluklar ortaya \u00e7\u0131karm\u0131\u015ft\u0131r. Bu makalede, kentle\u015fmenin toplumsal yap\u0131 \u00fczerindeki etkileri incelenecektir.<\/p>\n<p>Kentle\u015fmenin Sosyal \u0130li\u015fkiler \u00dczerindeki Etkisi<\/p>\n<p>Kentle\u015fme, insanlar\u0131n sosyal ili\u015fkilerini k\u00f6kl\u00fc bir \u015fekilde de\u011fi\u015ftiren bir s\u00fcre\u00e7tir. K\u0131rsal ya\u015famda daha yak\u0131n ve <a href=\"https:\/\/urolojidunyasi.com\/vdrl-rpr-degeri-kac-olmali\/\">Frengi<\/a> y\u00fcz y\u00fcze ili\u015fkiler \u00f6n planda iken, \u015fehirlerde bireyler daha anonim bir ya\u015fam s\u00fcrerler. \u015eehir hayat\u0131nda insanlar, kalabal\u0131k ortamlarda ya\u015famalar\u0131na ra\u011fmen, genellikle yaln\u0131zla\u015f\u0131r ve bireyselle\u015fme e\u011filimi g\u00f6sterirler. Bu da toplumsal dayan\u0131\u015fman\u0131n azalmas\u0131na, topluluk duygusunun zay\u0131flamas\u0131na neden olabilir.<\/p>\n<p>\u015eehirlerde bireylerin kar\u015f\u0131la\u015ft\u0131klar\u0131 g\u00fcnl\u00fck zorluklar, i\u015f y\u00fck\u00fc, trafik gibi sorunlar, sosyal ili\u015fkileri k\u0131s\u0131tlayabilir ve <a href=\"https:\/\/urolojidunyasi.com\/peniste-neden-sivilce-cikar\/\">Genital b\u00f6lgede sivilce neden \u00e7\u0131kar<\/a> kom\u015fuluk ili\u015fkilerini zay\u0131flatabilir. K\u0131rsal b\u00f6lgelerde insanlar daha s\u0131k\u0131 sosyal a\u011flara sahipken, kentlerde bireylerin sosyal a\u011flar\u0131 daha geni\u015f ama daha y\u00fczeyseldir. Bu durum, toplumsal ba\u011flar\u0131n zay\u0131flamas\u0131na ve bireylerin daha yaln\u0131z hissetmelerine neden olabilir.<\/p>\n<p>Sosyoekonomik Farkl\u0131l\u0131klar ve Kentle\u015fme<\/p>\n<p>Kentle\u015fme s\u00fcreci, ayn\u0131 zamanda sosyal s\u0131n\u0131flar aras\u0131ndaki farklar\u0131n belirginle\u015fmesine de yol a\u00e7ar. \u015eehirlerde ekonomik f\u0131rsatlar daha fazla olsa da, bu f\u0131rsatlar genellikle e\u015fit da\u011f\u0131t\u0131lmamaktad\u0131r. Y\u00fcksek gelirli bireyler daha l\u00fcks semtlerde ya\u015farken, d\u00fc\u015f\u00fck gelirli bireyler \u015fehrin daha az geli\u015fmi\u015f b\u00f6lgelerinde ya\u015famak zorunda kal\u0131rlar. Bu durum, \u015fehirlerdeki gelir adaletsizli\u011fini art\u0131r\u0131r ve sosyal s\u0131n\u0131flar aras\u0131ndaki mesafeyi derinle\u015ftirir.<\/p>\n<p>\u00d6zellikle geli\u015fmekte olan \u00fclkelerde kentle\u015fme s\u00fcreci, plans\u0131z ve d\u00fczensiz bir \u015fekilde ilerledi\u011fi i\u00e7in, gecekondu b\u00f6lgeleri ortaya \u00e7\u0131kar. Bu b\u00f6lgelerde ya\u015fayan bireyler, e\u011fitim, sa\u011fl\u0131k ve i\u015f gibi temel hizmetlere eri\u015fimde ciddi zorluklar ya\u015farlar. \u015eehrin farkl\u0131 b\u00f6lgeleri aras\u0131ndaki bu sosyoekonomik farkl\u0131l\u0131klar, toplumsal e\u015fitsizlikleri derinle\u015ftirir ve sosyal uyumu zorla\u015ft\u0131r\u0131r.<\/p>\n<p>Kentle\u015fmenin Bireyler \u00dczerindeki Psikolojik Etkileri<\/p>\n<p>Kentle\u015fme, sadece toplumsal yap\u0131y\u0131 de\u011fil, bireylerin psikolojisini de derinden etkileyen bir s\u00fcre\u00e7tir. \u015eehir hayat\u0131n\u0131n h\u0131z\u0131, bireyler \u00fczerinde yo\u011fun bir stres ve bask\u0131 yarat\u0131r. Trafik s\u0131k\u0131\u015f\u0131kl\u0131\u011f\u0131, kalabal\u0131k ve g\u00fcr\u00fclt\u00fc, bireylerin psikolojik sa\u011fl\u0131\u011f\u0131n\u0131 olumsuz y\u00f6nde etkileyebilir. \u015eehirde ya\u015fayan bireyler, k\u0131rsal alanda ya\u015fayanlara k\u0131yasla daha y\u00fcksek d\u00fczeyde stres, anksiyete ve depresyon gibi psikolojik sorunlar ya\u015fayabilirler.<\/p>\n<p>Ayr\u0131ca kentlerde bireylerin kar\u015f\u0131la\u015ft\u0131\u011f\u0131 ekonomik bask\u0131lar da psikolojik sa\u011fl\u0131\u011f\u0131 olumsuz y\u00f6nde etkiler. Y\u00fcksek ya\u015fam maliyetleri, artan i\u015fsizlik oranlar\u0131 ve rekabet\u00e7i i\u015f piyasas\u0131, bireylerin gelece\u011fe dair kayg\u0131lar\u0131n\u0131 art\u0131r\u0131r. Bu durum, bireylerin ya\u015fam memnuniyetini d\u00fc\u015f\u00fcrebilir ve genel refah d\u00fczeyini olumsuz etkileyebilir.<\/p>\n<p>Kentsel Uyum ve Toplumsal B\u00fct\u00fcnle\u015fme<\/p>\n<p>Kentle\u015fmenin getirdi\u011fi zorluklara ra\u011fmen, \u015fehirler ayn\u0131 zamanda farkl\u0131 k\u00fclt\u00fcrlerin ve toplumsal gruplar\u0131n bir arada ya\u015fad\u0131\u011f\u0131 yerlerdir. \u015eehirlerde ya\u015fayan bireyler, farkl\u0131 sosyal, k\u00fclt\u00fcrel ve etnik gruplarla bir arada ya\u015fama deneyimi kazan\u0131rlar. Bu \u00e7e\u015fitlilik, bireylerin toplumsal uyum ve ho\u015fg\u00f6r\u00fc yeteneklerini geli\u015ftirmelerine katk\u0131 sa\u011flar. Ancak bu s\u00fcrecin ba\u015far\u0131l\u0131 bir \u015fekilde i\u015flemesi, \u015fehirlerdeki toplumsal politikalar\u0131n kapsay\u0131c\u0131 ve e\u015fitlik\u00e7i olmas\u0131na ba\u011fl\u0131d\u0131r.<\/p>\n<p>Kentle\u015fme, toplumsal b\u00fct\u00fcnle\u015fme ve uyum s\u00fcre\u00e7lerini zorla\u015ft\u0131rsa da, do\u011fru politikalar ve planlamalarla bu s\u00fcre\u00e7ler desteklenebilir. Kentsel d\u00f6n\u00fc\u015f\u00fcm projeleri, alt s\u0131n\u0131f gruplar\u0131n daha iyi ya\u015fam ko\u015fullar\u0131na kavu\u015fmalar\u0131n\u0131 sa\u011flayarak, toplumsal uyum ve dayan\u0131\u015fmay\u0131 art\u0131rabilir.<\/p>\n<p>Sonu\u00e7<\/p>\n<p>Kentle\u015fme, toplumsal yap\u0131y\u0131 derinden etkileyen bir s\u00fcre\u00e7tir. Sosyal ili\u015fkilerde anonimle\u015fme, sosyoekonomik farkl\u0131l\u0131klar\u0131n derinle\u015fmesi ve bireyler \u00fczerindeki psikolojik bask\u0131lar, kentle\u015fmenin olumsuz sonu\u00e7lar\u0131 aras\u0131nda yer al\u0131r. Ancak kentle\u015fme, ayn\u0131 zamanda toplumsal \u00e7e\u015fitlili\u011fi ve uyumu destekleyen bir ortam da sunar. Bu s\u00fcrecin olumlu sonu\u00e7lar do\u011furabilmesi i\u00e7in, kentle\u015fmenin getirdi\u011fi sorunlara y\u00f6nelik toplumsal politikalar\u0131n etkili bir \u015fekilde uygulanmas\u0131 gerekmektedir.<\/p>\n","protected":false},"excerpt":{"rendered":"<p>Kentle\u015fme, sanayile\u015fme ile birlikte h\u0131z kazanan ve k\u0131rsal alanlardan \u015fehir merkezlerine do\u011fru ger\u00e7ekle\u015fen b\u00fcy\u00fck bir g\u00f6\u00e7 hareketidir. Bu s\u00fcre\u00e7, insanlar\u0131n toplumsal ya\u015fam\u0131n\u0131, sosyal ili\u015fkilerini ve ekonomik yap\u0131s\u0131n\u0131 derinden etkileyen bir d\u00f6n\u00fc\u015f\u00fcm s\u00fcrecidir. \u00d6zellikle son y\u00fczy\u0131lda h\u0131zla artan kentle\u015fme, toplumsal yap\u0131 \u0130drar yolu enfeksiyonu ila\u00e7lar\u0131 \u00fczerinde b\u00fcy\u00fck etkiler yaratm\u0131\u015ft\u0131r. \u015eehirlerdeki yo\u011fun n\u00fcfus ve h\u0131zl\u0131 ya\u015fam tarz\u0131, [&hellip;]<\/p>\n","protected":false},"author":9140,"featured_media":0,"comment_status":"closed","ping_status":"closed","sticky":false,"template":"","format":"standard","meta":{"footnotes":"","_links_to":"","_links_to_target":""},"categories":[1],"tags":[],"class_list":["post-25","post","type-post","status-publish","format-standard","hentry","category-uncategorized"],"_links":{"self":[{"href":"https:\/\/blog.metu.edu.tr\/e242422\/wp-json\/wp\/v2\/posts\/25","targetHints":{"allow":["GET"]}}],"collection":[{"href":"https:\/\/blog.metu.edu.tr\/e242422\/wp-json\/wp\/v2\/posts"}],"about":[{"href":"https:\/\/blog.metu.edu.tr\/e242422\/wp-json\/wp\/v2\/types\/post"}],"author":[{"embeddable":true,"href":"https:\/\/blog.metu.edu.tr\/e242422\/wp-json\/wp\/v2\/users\/9140"}],"replies":[{"embeddable":true,"href":"https:\/\/blog.metu.edu.tr\/e242422\/wp-json\/wp\/v2\/comments?post=25"}],"version-history":[{"count":0,"href":"https:\/\/blog.metu.edu.tr\/e242422\/wp-json\/wp\/v2\/posts\/25\/revisions"}],"wp:attachment":[{"href":"https:\/\/blog.metu.edu.tr\/e242422\/wp-json\/wp\/v2\/media?parent=25"}],"wp:term":[{"taxonomy":"category","embeddable":true,"href":"https:\/\/blog.metu.edu.tr\/e242422\/wp-json\/wp\/v2\/categories?post=25"},{"taxonomy":"post_tag","embeddable":true,"href":"https:\/\/blog.metu.edu.tr\/e242422\/wp-json\/wp\/v2\/tags?post=25"}],"curies":[{"name":"wp","href":"https:\/\/api.w.org\/{rel}","templated":true}]}}