{"id":23,"date":"2024-10-16T20:07:38","date_gmt":"2024-10-16T20:07:38","guid":{"rendered":"https:\/\/blog.metu.edu.tr\/e242422\/?p=23"},"modified":"2024-10-16T20:47:25","modified_gmt":"2024-10-16T20:47:25","slug":"kuresel-kimlik","status":"publish","type":"post","link":"https:\/\/blog.metu.edu.tr\/e242422\/kuresel-kimlik\/","title":{"rendered":"K\u00fcresel Kimlik"},"content":{"rendered":"<p>K\u00fcreselle\u015fme, 20. y\u00fczy\u0131l\u0131n sonlar\u0131ndan itibaren h\u0131z kazanan ve d\u00fcnyan\u0131n her k\u00f6\u015fesindeki toplumlar\u0131 ekonomik, siyasi ve k\u00fclt\u00fcrel anlamda birbirine ba\u011flayan bir s\u00fcre\u00e7tir. Uluslararas\u0131 ticaretin artmas\u0131, teknolojinin geli\u015fmesi ve ileti\u015fim <a href=\"https:\/\/urolojidunyasi.com\/peniste-neden-sivilce-cikar\/\">Genital b\u00f6lgede sivilce <\/a>a\u011flar\u0131n\u0131n k\u00fcreselle\u015fmesi, toplumsal yap\u0131lar\u0131n d\u00f6n\u00fc\u015fmesine neden olmu\u015ftur. Ancak, k\u00fcreselle\u015fme yaln\u0131zca ekonomik ve teknolojik bir olgu olman\u0131n \u00f6tesinde, toplumsal kimlikleri ve k\u00fclt\u00fcrel de\u011ferleri de derinden etkileyen bir s\u00fcre\u00e7tir. Bu makale, k\u00fcreselle\u015fmenin k\u00fclt\u00fcrel kimlik \u00fczerindeki etkilerini inceleyerek, yerel ile k\u00fcresel aras\u0131ndaki etkile\u015fimi ele alacakt\u0131r.<\/p>\n<h3>K\u00fcreselle\u015fme ve K\u00fclt\u00fcrel Erozyon<\/h3>\n<p>K\u00fcreselle\u015fme, toplumlar aras\u0131ndaki s\u0131n\u0131rlar\u0131n giderek belirsizle\u015fmesine ve k\u00fclt\u00fcrel farkl\u0131l\u0131klar\u0131n azalmas\u0131na yol a\u00e7an bir s\u00fcre\u00e7 olarak tan\u0131mlanabilir. <a href=\"https:\/\/urolojidunyasi.com\/vdrl-rpr-degeri-kac-olmali\/\">vdrl rpr nedir <\/a>\u00c7ok uluslu \u015firketlerin k\u00fcresel \u00e7apta yay\u0131lmas\u0131, pop\u00fcler k\u00fclt\u00fcr\u00fcn her yere ula\u015fmas\u0131 ve dijital medyan\u0131n h\u0131zla yay\u0131lmas\u0131, yerel k\u00fclt\u00fcrlerin homojenle\u015fmesine neden olmaktad\u0131r. K\u00fclt\u00fcrel erozyon olarak adland\u0131r\u0131lan bu durum, yerel geleneklerin, dillerin ve k\u00fclt\u00fcrel uygulamalar\u0131n yava\u015f yava\u015f kaybolmas\u0131 anlam\u0131na gelir.<\/p>\n<p>Bat\u0131 merkezli k\u00fclt\u00fcrel \u00fcr\u00fcnlerin, \u00f6zellikle de Amerika Birle\u015fik Devletleri&#8217;nden gelen film, m\u00fczik, moda ve ya\u015fam tarzlar\u0131n\u0131n d\u00fcnya \u00e7ap\u0131nda yayg\u0131nla\u015fmas\u0131, bir\u00e7ok toplumda Bat\u0131 k\u00fclt\u00fcr\u00fcne y\u00f6nelik bir e\u011filim yaratm\u0131\u015ft\u0131r. Bu, baz\u0131 topluluklarda yerel kimliklerin zay\u0131flad\u0131\u011f\u0131 ve <a href=\"https:\/\/urolojidunyasi.com\/idrar-yolu-enfeksiyonu\/\">Antibiyoti\u011fe ra\u011fmen ge\u00e7meyen idrar yolu enfeksiyonu <\/a>kendi k\u00fclt\u00fcrel de\u011ferlerinin yerine k\u00fcresel normlar\u0131n ge\u00e7ti\u011fi bir s\u00fcre\u00e7 olarak alg\u0131lanmaktad\u0131r. \u00d6rne\u011fin, yerel giyim tarzlar\u0131n\u0131n yerini Bat\u0131 moda anlay\u0131\u015f\u0131n\u0131n almas\u0131, ya da geleneksel m\u00fcziklerin pop\u00fcler Bat\u0131 m\u00fczik t\u00fcrlerine yenik d\u00fc\u015fmesi bu s\u00fcrecin bir yans\u0131mas\u0131d\u0131r.<\/p>\n<h3>K\u00fcreselle\u015fme ve K\u00fclt\u00fcrel \u00c7o\u011fulculuk<\/h3>\n<p>Ancak k\u00fcreselle\u015fme sadece k\u00fclt\u00fcrel erozyona neden olmaz; ayn\u0131 zamanda k\u00fclt\u00fcrel \u00e7o\u011fulculu\u011fu da destekler. K\u00fcreselle\u015fme s\u00fcreci, d\u00fcnyan\u0131n d\u00f6rt bir yan\u0131ndan farkl\u0131 k\u00fclt\u00fcrlerin birbirleriyle etkile\u015fime ge\u00e7mesine olanak tan\u0131r. Bu, k\u00fclt\u00fcrel al\u0131\u015fveri\u015fin ve zenginle\u015fmenin \u00f6n\u00fcn\u00fc a\u00e7ar. \u00d6rne\u011fin, d\u00fcnya mutfaklar\u0131, m\u00fczik t\u00fcrleri ve sanat bi\u00e7imleri, k\u00fcresel d\u00fczeyde daha geni\u015f bir kitleye ula\u015fmakta ve farkl\u0131 k\u00fclt\u00fcrel deneyimler bir araya gelmektedir.<\/p>\n<p>Dijital platformlar, bireylerin k\u00fclt\u00fcrel kimliklerini korumalar\u0131na ve k\u00fcresel d\u00fcnyada yerel k\u00fclt\u00fcrlerini tan\u0131tmalar\u0131na olanak sa\u011flamaktad\u0131r. YouTube, Instagram ve di\u011fer sosyal medya platformlar\u0131, yerel k\u00fclt\u00fcrel i\u00e7eriklerin d\u00fcnya \u00e7ap\u0131nda payla\u015f\u0131lmas\u0131na imkan tan\u0131maktad\u0131r. B\u00f6ylece, bireyler hem k\u00fcresel k\u00fclt\u00fcre kat\u0131l\u0131rken, hem de kendi yerel kimliklerini s\u00fcrd\u00fcrebilmektedirler. Bu durum, k\u00fclt\u00fcrel \u00e7o\u011fulculu\u011fu te\u015fvik eden ve farkl\u0131 k\u00fclt\u00fcrlerin bir arada var olmas\u0131na olanak tan\u0131yan bir s\u00fcre\u00e7 olarak de\u011ferlendirilebilir.<\/p>\n<h3>K\u00fclt\u00fcrel Kimlik ve Direni\u015f<\/h3>\n<p>K\u00fcreselle\u015fme s\u00fcrecine kar\u015f\u0131 bir\u00e7ok toplumda yerel k\u00fclt\u00fcrel kimli\u011fi koruma \u00e7abalar\u0131 da g\u00f6zlemlenmektedir. K\u00fcresel k\u00fclt\u00fcr\u00fcn bask\u0131n hale gelmesine kar\u015f\u0131, baz\u0131 topluluklar k\u00fclt\u00fcrel direni\u015f g\u00f6stermekte ve kendi geleneksel de\u011ferlerine sar\u0131lmaktad\u0131r. Bu direni\u015f, dilin korunmas\u0131, geleneksel sanatlar\u0131n s\u00fcrd\u00fcr\u00fclmesi ya da yerel festivallerin kutlanmas\u0131 gibi \u00e7e\u015fitli bi\u00e7imlerde ortaya \u00e7\u0131kabilir.<\/p>\n<p>Bu ba\u011flamda, k\u00fcreselle\u015fme ile yerel kimlik aras\u0131nda bir gerilim oldu\u011fu s\u00f6ylenebilir. Baz\u0131 toplumlar, k\u00fcreselle\u015fmenin getirdi\u011fi yenilikleri benimserken, ayn\u0131 zamanda kendi k\u00fclt\u00fcrel miraslar\u0131n\u0131 da koruma ihtiyac\u0131 duymaktad\u0131r. Bu durum, \u00f6zellikle milliyet\u00e7i hareketlerin g\u00fc\u00e7lendi\u011fi \u00fclkelerde daha belirgin bir \u015fekilde kendini g\u00f6stermektedir. Yerel k\u00fclt\u00fcrleri ve kimlikleri k\u00fcreselle\u015fmeye kar\u015f\u0131 koruma \u00e7abalar\u0131, ulusal kimliklerin yeniden \u015fekillenmesine de katk\u0131 sa\u011flamaktad\u0131r.<\/p>\n<h3>Sonu\u00e7<\/h3>\n<p>K\u00fcreselle\u015fme, yerel ve k\u00fcresel dinamikler aras\u0131ndaki etkile\u015fimi yo\u011funla\u015ft\u0131ran, hem k\u00fclt\u00fcrel erozyona hem de k\u00fclt\u00fcrel \u00e7o\u011fulculu\u011fa yol a\u00e7an bir s\u00fcre\u00e7tir. Bir yandan yerel k\u00fclt\u00fcrlerin k\u00fcresel k\u00fclt\u00fcr kar\u015f\u0131s\u0131nda zay\u0131flad\u0131\u011f\u0131 g\u00f6r\u00fcl\u00fcrken, di\u011fer yandan farkl\u0131 k\u00fclt\u00fcrel unsurlar\u0131n bir arada var olma f\u0131rsat\u0131 buldu\u011fu g\u00f6zlemlenmektedir. K\u00fclt\u00fcrel kimliklerin bu dinamik s\u00fcre\u00e7te nas\u0131l \u015fekillenece\u011fi, k\u00fcreselle\u015fmenin devam eden etkileriyle \u015fekillenmeye devam edecektir. Yerel kimlikleri koruma \u00e7abalar\u0131 ve k\u00fcreselle\u015fmenin k\u00fclt\u00fcrel zenginle\u015ftirici potansiyeli, modern toplumlar\u0131n bu s\u00fcrece nas\u0131l uyum sa\u011flayaca\u011f\u0131n\u0131 belirleyecek \u00f6nemli fakt\u00f6rler aras\u0131nda yer almaktad\u0131r.<\/p>\n","protected":false},"excerpt":{"rendered":"<p>K\u00fcreselle\u015fme, 20. y\u00fczy\u0131l\u0131n sonlar\u0131ndan itibaren h\u0131z kazanan ve d\u00fcnyan\u0131n her k\u00f6\u015fesindeki toplumlar\u0131 ekonomik, siyasi ve k\u00fclt\u00fcrel anlamda birbirine ba\u011flayan bir s\u00fcre\u00e7tir. Uluslararas\u0131 ticaretin artmas\u0131, teknolojinin geli\u015fmesi ve ileti\u015fim Genital b\u00f6lgede sivilce a\u011flar\u0131n\u0131n k\u00fcreselle\u015fmesi, toplumsal yap\u0131lar\u0131n d\u00f6n\u00fc\u015fmesine neden olmu\u015ftur. Ancak, k\u00fcreselle\u015fme yaln\u0131zca ekonomik ve teknolojik bir olgu olman\u0131n \u00f6tesinde, toplumsal kimlikleri ve k\u00fclt\u00fcrel de\u011ferleri de derinden [&hellip;]<\/p>\n","protected":false},"author":9140,"featured_media":0,"comment_status":"closed","ping_status":"closed","sticky":false,"template":"","format":"standard","meta":{"footnotes":"","_links_to":"","_links_to_target":""},"categories":[1],"tags":[],"class_list":["post-23","post","type-post","status-publish","format-standard","hentry","category-uncategorized"],"_links":{"self":[{"href":"https:\/\/blog.metu.edu.tr\/e242422\/wp-json\/wp\/v2\/posts\/23","targetHints":{"allow":["GET"]}}],"collection":[{"href":"https:\/\/blog.metu.edu.tr\/e242422\/wp-json\/wp\/v2\/posts"}],"about":[{"href":"https:\/\/blog.metu.edu.tr\/e242422\/wp-json\/wp\/v2\/types\/post"}],"author":[{"embeddable":true,"href":"https:\/\/blog.metu.edu.tr\/e242422\/wp-json\/wp\/v2\/users\/9140"}],"replies":[{"embeddable":true,"href":"https:\/\/blog.metu.edu.tr\/e242422\/wp-json\/wp\/v2\/comments?post=23"}],"version-history":[{"count":0,"href":"https:\/\/blog.metu.edu.tr\/e242422\/wp-json\/wp\/v2\/posts\/23\/revisions"}],"wp:attachment":[{"href":"https:\/\/blog.metu.edu.tr\/e242422\/wp-json\/wp\/v2\/media?parent=23"}],"wp:term":[{"taxonomy":"category","embeddable":true,"href":"https:\/\/blog.metu.edu.tr\/e242422\/wp-json\/wp\/v2\/categories?post=23"},{"taxonomy":"post_tag","embeddable":true,"href":"https:\/\/blog.metu.edu.tr\/e242422\/wp-json\/wp\/v2\/tags?post=23"}],"curies":[{"name":"wp","href":"https:\/\/api.w.org\/{rel}","templated":true}]}}