{"id":220,"date":"2025-07-21T09:21:52","date_gmt":"2025-07-21T09:21:52","guid":{"rendered":"https:\/\/blog.metu.edu.tr\/e242422\/?p=220"},"modified":"2025-07-21T09:22:00","modified_gmt":"2025-07-21T09:22:00","slug":"kuresel-pandemilerin-zihinsel-saglik-uzerindeki-etkileri","status":"publish","type":"post","link":"https:\/\/blog.metu.edu.tr\/e242422\/kuresel-pandemilerin-zihinsel-saglik-uzerindeki-etkileri\/","title":{"rendered":"K\u00fcresel Pandemilerin Zihinsel Sa\u011fl\u0131k \u00dczerindeki Etkileri"},"content":{"rendered":"<p>K\u00fcresel pandemiler, insanl\u0131k tarihinin seyrini de\u011fi\u015ftiren, sadece fiziksel sa\u011fl\u0131\u011f\u0131 de\u011fil, ayn\u0131 zamanda <b>zihinsel sa\u011fl\u0131\u011f\u0131<\/b> da derinden etkileyen olaylard\u0131r. COVID-19 salg\u0131n\u0131, d\u00fcnya genelinde milyonlarca insan\u0131 fiziksel olarak hasta ederken, izolasyon, belirsizlik, yas ve ekonomik kayg\u0131larla birlikte <a href=\"https:\/\/drsonaykaratas.com\/ankara-dahiliye-doktoru\/\">dahiliye uzman\u0131 ankara<\/a> g\u00f6r\u00fcnmeyen bir zihinsel sa\u011fl\u0131k krizini de tetikledi. Bu krizin etkileri, kayg\u0131 ve depresyondan travma sonras\u0131 stres bozuklu\u011funa kadar geni\u015f bir yelpazeyi kapsarken, toplumlar\u0131n bu zorluklarla ba\u015fa \u00e7\u0131kma kapasitelerini ve ruh sa\u011fl\u0131\u011f\u0131 hizmetlerine eri\u015fimdeki e\u015fitsizlikleri de g\u00f6zler \u00f6n\u00fcne serdi. Pandemilerin zihinsel sa\u011fl\u0131k \u00fczerindeki kal\u0131c\u0131 etkilerini anlamak ve bu g\u00f6r\u00fcnmeyen krizle m\u00fccadele etmek, gelecekteki toplumsal refah\u0131m\u0131z i\u00e7in hayati \u00f6neme sahiptir.<\/p>\n<h3>Pandemi Kaynakl\u0131 Zihinsel Sa\u011fl\u0131k Sorunlar\u0131<\/h3>\n<p>Pandemi s\u00fcreci, bireyler \u00fczerinde \u00e7ok boyutlu psikolojik bask\u0131lar yaratt\u0131. Vir\u00fcs kapma korkusu, sevdiklerini kaybetme endi\u015fesi ve hastal\u0131\u011f\u0131n belirsiz seyri, genel <b>kayg\u0131 ve <a href=\"https:\/\/drsonaykaratas.com\/ankara-check-up-fiyatlari\/\">ankara check up fiyatlar\u0131 2025<\/a> stres<\/b> seviyelerini art\u0131rd\u0131. Uzun s\u00fcreli karantina ve izolasyon, insanlar\u0131n sosyal ba\u011flant\u0131lar\u0131ndan kopmas\u0131na, yaln\u0131zl\u0131k hissinin derinle\u015fmesine ve bu durum da <b>depresyon<\/b> semptomlar\u0131n\u0131n yayg\u0131nla\u015fmas\u0131na neden oldu. \u00d6zellikle ya\u015fl\u0131lar ve kronik hastal\u0131\u011f\u0131 olanlar gibi risk gruplar\u0131, bu izolasyondan daha fazla etkilendi.<\/p>\n<p>Ekonomik belirsizlikler, i\u015f kayb\u0131, gelir d\u00fc\u015f\u00fc\u015f\u00fc ve gelecek kayg\u0131s\u0131, bireylerin maddi ve manevi y\u00fck\u00fcn\u00fc art\u0131rarak stres ve t\u00fckenmi\u015fli\u011fi k\u00f6r\u00fckledi. \u00c7ocuklar ve gen\u00e7ler de pandeminin zihinsel sa\u011fl\u0131k <a href=\"https:\/\/drsonaykaratas.com\/seker-hastaligina-hangi-doktor-bakar\/\">diyabet doktoru<\/a> etkilerinden nasibini ald\u0131; uzaktan e\u011fitim, sosyal etkile\u015fim eksikli\u011fi ve rutinlerin bozulmas\u0131, onlarda kayg\u0131, depresyon ve davran\u0131\u015f sorunlar\u0131na yol a\u00e7abildi. Sa\u011fl\u0131k \u00e7al\u0131\u015fanlar\u0131 ise, uzun \u00e7al\u0131\u015fma saatleri, travmatik deneyimler ve s\u00fcrekli bir bask\u0131 alt\u0131nda olmalar\u0131 nedeniyle t\u00fckenmi\u015flik ve travma sonras\u0131 stres bozuklu\u011fu (TSSB) riskiyle kar\u015f\u0131 kar\u015f\u0131ya kald\u0131lar.<\/p>\n<h3>Ruh Sa\u011fl\u0131\u011f\u0131 Hizmetlerine Eri\u015fimdeki E\u015fitsizlikler<\/h3>\n<p>Pandemi, ruh sa\u011fl\u0131\u011f\u0131 hizmetlerine eri\u015fimdeki mevcut <b>e\u015fitsizlikleri<\/b> de belirginle\u015ftirdi. D\u00fc\u015f\u00fck gelirli topluluklar, k\u0131rsal b\u00f6lgeler ve dezavantajl\u0131 gruplar, ruh sa\u011fl\u0131\u011f\u0131 hizmetlerine ula\u015fmada <a href=\"https:\/\/drsonaykaratas.com\/sarilik-oldurur-mu\/\">sar\u0131l\u0131k \u00f6ld\u00fcr\u00fcr m\u00fc<\/a> daha b\u00fcy\u00fck zorluklar ya\u015fad\u0131. Hizmetlerin pahal\u0131 olmas\u0131, uzman eksikli\u011fi, damgalanma korkusu ve k\u00fclt\u00fcrel bariyerler, bu e\u015fitsizlikleri derinle\u015ftiren fakt\u00f6rler oldu. Pandemi d\u00f6neminde artan ihtiya\u00e7 kar\u015f\u0131s\u0131nda, ruh sa\u011fl\u0131\u011f\u0131 sistemleri yetersiz kald\u0131 ve bir\u00e7ok ki\u015fi gerekli deste\u011fe ula\u015famad\u0131.<\/p>\n<h3>Gelece\u011fe Y\u00f6nelik Dersler ve \u00c7\u00f6z\u00fcm Yollar\u0131<\/h3>\n<p>Pandeminin zihinsel sa\u011fl\u0131k \u00fczerindeki kal\u0131c\u0131 etkileri, bu alanda uzun vadeli ve kapsaml\u0131 stratejiler geli\u015ftirmemiz gerekti\u011fini g\u00f6stermektedir:<\/p>\n<ul>\n<li><b>Ruh Sa\u011fl\u0131\u011f\u0131 Hizmetlerine Eri\u015fimin Art\u0131r\u0131lmas\u0131:<\/b> Ruh sa\u011fl\u0131\u011f\u0131 hizmetleri, birinci basamak sa\u011fl\u0131k hizmetlerine entegre edilmeli, daha ula\u015f\u0131labilir, uygun fiyatl\u0131 ve damgalay\u0131c\u0131 olmayan bir yap\u0131ya kavu\u015fturulmal\u0131d\u0131r. Tele-psikiyatri ve \u00e7evrimi\u00e7i dan\u0131\u015fmanl\u0131k gibi dijital \u00e7\u00f6z\u00fcmler yayg\u0131nla\u015ft\u0131r\u0131lmal\u0131d\u0131r.<\/li>\n<li><b>Toplumsal Fark\u0131ndal\u0131k ve Damgalama ile M\u00fccadele:<\/b> Ruh sa\u011fl\u0131\u011f\u0131 sorunlar\u0131n\u0131n bir tabu olmaktan \u00e7\u0131kar\u0131lmas\u0131 ve t\u0131bbi bir durum olarak kabul edilmesi i\u00e7in toplumsal fark\u0131ndal\u0131k kampanyalar\u0131 y\u00fcr\u00fct\u00fclmelidir. Medya, bu konuda do\u011fru bilgi yaymal\u0131 ve damgalay\u0131c\u0131 s\u00f6ylemlerden ka\u00e7\u0131nmal\u0131d\u0131r.<\/li>\n<li><b>Risk Gruplar\u0131na \u00d6zel Destek:<\/b> \u00c7ocuklar, gen\u00e7ler, ya\u015fl\u0131lar, sa\u011fl\u0131k \u00e7al\u0131\u015fanlar\u0131 ve dezavantajl\u0131 gruplar gibi pandemiden daha fazla etkilenen kesimlere \u00f6zel ruh sa\u011fl\u0131\u011f\u0131 destek programlar\u0131 geli\u015ftirilmelidir.<\/li>\n<li><b>Okul ve \u0130\u015f Yerlerinde Destek Mekanizmalar\u0131:<\/b> Okullar, \u00f6\u011frencilerin ve \u00f6\u011fretmenlerin zihinsel sa\u011fl\u0131\u011f\u0131n\u0131 destekleyici programlar geli\u015ftirmeli. \u0130\u015f yerleri ise \u00e7al\u0131\u015fanlar\u0131n ruh sa\u011fl\u0131\u011f\u0131n\u0131 korumak i\u00e7in esnek \u00e7al\u0131\u015fma d\u00fczenlemeleri, stres y\u00f6netimi e\u011fitimleri ve dan\u0131\u015fmanl\u0131k hizmetleri sunmal\u0131d\u0131r.<\/li>\n<li><b>Ara\u015ft\u0131rma ve Veri Toplama:<\/b> Pandeminin zihinsel sa\u011fl\u0131k \u00fczerindeki etkileri hakk\u0131nda daha fazla ara\u015ft\u0131rma yap\u0131lmal\u0131, uzun vadeli veriler toplanarak daha etkili m\u00fcdahale stratejileri geli\u015ftirilmelidir.<\/li>\n<\/ul>\n<h3>Sonu\u00e7<\/h3>\n<p>K\u00fcresel pandemiler, insanl\u0131\u011f\u0131n direncini s\u0131narken, zihinsel sa\u011fl\u0131\u011f\u0131n fiziksel sa\u011fl\u0131k kadar \u00f6nemli oldu\u011funu ac\u0131 bir \u015fekilde g\u00f6sterdi. Yaln\u0131zl\u0131k, kayg\u0131, depresyon ve travma gibi sorunlar, g\u00f6r\u00fcnmeyen bir krizin g\u00f6lgesinde b\u00fcy\u00fcmeye devam etmektedir. Bu krizle etkili bir \u015fekilde m\u00fccadele etmek, ruh sa\u011fl\u0131\u011f\u0131 hizmetlerine eri\u015fimi kolayla\u015ft\u0131rmak, toplumsal fark\u0131ndal\u0131\u011f\u0131 art\u0131rmak ve risk gruplar\u0131na \u00f6zel destek sa\u011flamakla m\u00fcmk\u00fcnd\u00fcr. Gelecekteki krizlere kar\u015f\u0131 daha diren\u00e7li ve daha merhametli toplumlar in\u015fa etmek i\u00e7in, zihinsel sa\u011fl\u0131\u011f\u0131 k\u00fcresel bir \u00f6ncelik haline getirmeli ve bu g\u00f6r\u00fcnmeyen yaralar\u0131 sarmak i\u00e7in kolektif bir \u00e7aba sarf etmeliyiz.<\/p>\n","protected":false},"excerpt":{"rendered":"<p>K\u00fcresel pandemiler, insanl\u0131k tarihinin seyrini de\u011fi\u015ftiren, sadece fiziksel sa\u011fl\u0131\u011f\u0131 de\u011fil, ayn\u0131 zamanda zihinsel sa\u011fl\u0131\u011f\u0131 da derinden etkileyen olaylard\u0131r. COVID-19 salg\u0131n\u0131, d\u00fcnya genelinde milyonlarca insan\u0131 fiziksel olarak hasta ederken, izolasyon, belirsizlik, yas ve ekonomik kayg\u0131larla birlikte dahiliye uzman\u0131 ankara g\u00f6r\u00fcnmeyen bir zihinsel sa\u011fl\u0131k krizini de tetikledi. Bu krizin etkileri, kayg\u0131 ve depresyondan travma sonras\u0131 stres bozuklu\u011funa [&hellip;]<\/p>\n","protected":false},"author":9140,"featured_media":0,"comment_status":"closed","ping_status":"closed","sticky":false,"template":"","format":"standard","meta":{"footnotes":"","_links_to":"","_links_to_target":""},"categories":[1],"tags":[],"class_list":["post-220","post","type-post","status-publish","format-standard","hentry","category-uncategorized"],"_links":{"self":[{"href":"https:\/\/blog.metu.edu.tr\/e242422\/wp-json\/wp\/v2\/posts\/220","targetHints":{"allow":["GET"]}}],"collection":[{"href":"https:\/\/blog.metu.edu.tr\/e242422\/wp-json\/wp\/v2\/posts"}],"about":[{"href":"https:\/\/blog.metu.edu.tr\/e242422\/wp-json\/wp\/v2\/types\/post"}],"author":[{"embeddable":true,"href":"https:\/\/blog.metu.edu.tr\/e242422\/wp-json\/wp\/v2\/users\/9140"}],"replies":[{"embeddable":true,"href":"https:\/\/blog.metu.edu.tr\/e242422\/wp-json\/wp\/v2\/comments?post=220"}],"version-history":[{"count":0,"href":"https:\/\/blog.metu.edu.tr\/e242422\/wp-json\/wp\/v2\/posts\/220\/revisions"}],"wp:attachment":[{"href":"https:\/\/blog.metu.edu.tr\/e242422\/wp-json\/wp\/v2\/media?parent=220"}],"wp:term":[{"taxonomy":"category","embeddable":true,"href":"https:\/\/blog.metu.edu.tr\/e242422\/wp-json\/wp\/v2\/categories?post=220"},{"taxonomy":"post_tag","embeddable":true,"href":"https:\/\/blog.metu.edu.tr\/e242422\/wp-json\/wp\/v2\/tags?post=220"}],"curies":[{"name":"wp","href":"https:\/\/api.w.org\/{rel}","templated":true}]}}