{"id":217,"date":"2025-07-11T07:40:12","date_gmt":"2025-07-11T07:40:12","guid":{"rendered":"https:\/\/blog.metu.edu.tr\/e242422\/?p=217"},"modified":"2025-07-11T07:40:21","modified_gmt":"2025-07-11T07:40:21","slug":"kuresel-gocun-yeni-yuzu","status":"publish","type":"post","link":"https:\/\/blog.metu.edu.tr\/e242422\/kuresel-gocun-yeni-yuzu\/","title":{"rendered":"K\u00fcresel G\u00f6\u00e7\u00fcn Yeni Y\u00fcz\u00fc"},"content":{"rendered":"<p>K\u00fcresel g\u00f6\u00e7, insanl\u0131k tarihi kadar eski bir olgu olsa da, g\u00fcn\u00fcm\u00fczde e\u015fi benzeri g\u00f6r\u00fclmemi\u015f bir karma\u015f\u0131kl\u0131k ve yo\u011funluk kazanm\u0131\u015ft\u0131r. Sava\u015flar, iklim de\u011fi\u015fikli\u011fi, ekonomik e\u015fitsizlikler ve siyasi istikrars\u0131zl\u0131klar, milyonlarca insan\u0131 yurtlar\u0131ndan ayr\u0131larak yeni bir hayat aray\u0131\u015f\u0131na itmektedir. Bu durum, g\u00f6\u00e7 alan \u00fclkelerde <a href=\"https:\/\/drsonaykaratas.com\/diyabet-seker-hastaligi\/\">Diyabet Tedavisi Ankara<\/a> <b>kimlikler<\/b>, <b>s\u0131n\u0131rlar<\/b> ve <b>entegrasyonun zorluklar\u0131<\/b> \u00fczerine derin tart\u0131\u015fmalar\u0131 beraberinde getirmektedir. G\u00f6\u00e7, sadece say\u0131sal bir istatistik olmaktan \u00f6te, insan hikayeleri, k\u00fclt\u00fcrel kar\u015f\u0131la\u015fmalar ve toplumsal d\u00f6n\u00fc\u015f\u00fcmlerin bir a\u011f\u0131d\u0131r. K\u00fcresel g\u00f6\u00e7\u00fcn yeni y\u00fcz\u00fcn\u00fc anlamak, hem g\u00f6\u00e7menlerin ya\u015fad\u0131\u011f\u0131 zorluklar\u0131 kavramak hem de ev sahibi toplumlar\u0131n bu s\u00fcrece nas\u0131l uyum sa\u011flayabilece\u011fini d\u00fc\u015f\u00fcnmek i\u00e7in hayati \u00f6nem ta\u015f\u0131r.<\/p>\n<p>&nbsp;<\/p>\n<h3>G\u00f6\u00e7\u00fcn Artan Nedenleri ve Y\u00f6nleri<\/h3>\n<p>&nbsp;<\/p>\n<p>G\u00fcn\u00fcm\u00fczdeki g\u00f6\u00e7 hareketlili\u011fi, ge\u00e7mi\u015f d\u00f6nemlerden farkl\u0131la\u015fan bir\u00e7ok fakt\u00f6rden beslenmektedir. Selenin, sellerin ve kurakl\u0131\u011f\u0131n neden oldu\u011fu iklim de\u011fi\u015fikli\u011fi, baz\u0131 b\u00f6lgeleri <a href=\"https:\/\/drsonaykaratas.com\/gestasyonel-diyabet\/\">Gestasyonel Diyabet<\/a> ya\u015fanmaz hale getirerek <b>iklim g\u00f6\u00e7menleri<\/b> olgusunu ortaya \u00e7\u0131karm\u0131\u015ft\u0131r. Silahl\u0131 \u00e7at\u0131\u015fmalar ve i\u00e7 sava\u015flar, milyonlarca insan\u0131 m\u00fclteci durumuna d\u00fc\u015f\u00fcrerek zorunlu g\u00f6\u00e7e itmektedir. Geli\u015fmi\u015f \u00fclkelerdeki ekonomik f\u0131rsatlar ve daha iyi ya\u015fam ko\u015fullar\u0131, az geli\u015fmi\u015f \u00fclkelerden beyin g\u00f6\u00e7\u00fcn\u00fc ve i\u015fg\u00fcc\u00fc g\u00f6\u00e7\u00fcn\u00fc h\u0131zland\u0131rmaktad\u0131r. Dijitalle\u015fme ve ula\u015f\u0131m imkanlar\u0131n\u0131n artmas\u0131 da g\u00f6\u00e7\u00fcn yayg\u0131nla\u015fmas\u0131na katk\u0131da bulunmaktad\u0131r.<\/p>\n<p>G\u00f6\u00e7menlerin rotalar\u0131 ve var\u0131\u015f noktalar\u0131 da \u00e7e\u015fitlenmi\u015ftir. <a href=\"https:\/\/drsonaykaratas.com\/fonksiyonel-tip\/\">Ankara Fonksiyonel T\u0131p<\/a> Geleneksel g\u00f6\u00e7 yollar\u0131n\u0131n yan\u0131 s\u0131ra, yeni g\u00fczergahlar ortaya \u00e7\u0131km\u0131\u015f, kom\u015fu \u00fclkelerden uzak co\u011frafyalara kadar uzanan hareketlilik g\u00f6zlenmektedir.<\/p>\n<p>&nbsp;<\/p>\n<h3>Kimlik ve Entegrasyonun Zorluklar\u0131<\/h3>\n<p>&nbsp;<\/p>\n<p>G\u00f6\u00e7menler, yeni bir \u00fclkeye adapte olmaya \u00e7al\u0131\u015f\u0131rken <b>kimlik<\/b> aray\u0131\u015f\u0131yla kar\u015f\u0131 kar\u015f\u0131ya kal\u0131rlar. Kendi k\u00fclt\u00fcrlerini, dillerini ve geleneklerini koruma arzusu ile yeni toplumun de\u011ferlerini <a href=\"https:\/\/drsonaykaratas.com\/halsizlik\/\">Halsizli\u011fe ne iyi gelir<\/a> ve normlar\u0131n\u0131 \u00f6\u011frenme zorunlulu\u011fu aras\u0131nda bir denge kurmak durumunda kal\u0131rlar. Bu s\u00fcre\u00e7, bazen <b>k\u00fclt\u00fcrel \u015fok<\/b>, <b>yaln\u0131zl\u0131k<\/b> ve <b>aidiyet sorunlar\u0131<\/b> gibi psikolojik zorluklara yol a\u00e7abilir.<\/p>\n<p>Ev sahibi toplumlar i\u00e7in ise <b>entegrasyon<\/b>, karma\u015f\u0131k bir s\u00fcre\u00e7tir. G\u00f6\u00e7menlerin yeni topluma uyum sa\u011flamas\u0131, dil \u00f6\u011frenmeleri, i\u015f bulmalar\u0131 ve sosyal hayata kat\u0131lmalar\u0131 zaman al\u0131c\u0131d\u0131r. Ancak entegrasyon, tek tarafl\u0131 bir s\u00fcre\u00e7 de\u011fildir; ev sahibi toplumun da g\u00f6\u00e7menlere kar\u015f\u0131 a\u00e7\u0131k, kapsay\u0131c\u0131 ve ho\u015fg\u00f6r\u00fcl\u00fc olmas\u0131 gerekir. <b>Ayr\u0131mc\u0131l\u0131k<\/b>, <b>\u0131rk\u00e7\u0131l\u0131k<\/b> ve <b>yabanc\u0131 d\u00fc\u015fmanl\u0131\u011f\u0131<\/b>, entegrasyon \u00e7abalar\u0131n\u0131 baltalayan ve toplumsal kutupla\u015fmay\u0131 art\u0131ran \u00f6nemli engellerdir. G\u00f6\u00e7menlerin e\u011fitim, sa\u011fl\u0131k ve istihdam gibi temel hizmetlere eri\u015fimdeki e\u015fitsizlikler de entegrasyonu zorla\u015ft\u0131ran fakt\u00f6rlerdir.<\/p>\n<p>&nbsp;<\/p>\n<h3>S\u0131n\u0131rlar ve Uluslararas\u0131 \u0130\u015fbirli\u011fi<\/h3>\n<p>&nbsp;<\/p>\n<p>K\u00fcresel g\u00f6\u00e7, ulus devletlerin <b>s\u0131n\u0131r politikalar\u0131n\u0131<\/b> yeniden g\u00f6zden ge\u00e7irmesine neden olmu\u015ftur. S\u0131n\u0131r g\u00fcvenli\u011fi, insan haklar\u0131 ve uluslararas\u0131 hukuk aras\u0131ndaki hassas denge, pek \u00e7ok \u00fclkenin g\u00fcndemindedir. G\u00f6\u00e7menlerin insanca muamele g\u00f6rmesi, s\u0131\u011f\u0131nma hakk\u0131na sayg\u0131 duyulmas\u0131 ve uluslararas\u0131 koruma mekanizmalar\u0131n\u0131n etkinle\u015ftirilmesi, insani bir zorunluluktur.<\/p>\n<p>G\u00f6\u00e7 sorununa s\u00fcrd\u00fcr\u00fclebilir \u00e7\u00f6z\u00fcmler bulmak, tek bir \u00fclkenin \u00e7abas\u0131yla m\u00fcmk\u00fcn de\u011fildir; <b>uluslararas\u0131 i\u015fbirli\u011fi<\/b> hayati \u00f6nem ta\u015f\u0131r. G\u00f6\u00e7\u00fcn temel nedenlerini ele almak (sava\u015flar\u0131 durdurmak, iklim de\u011fi\u015fikli\u011fiyle m\u00fccadele etmek, ekonomik kalk\u0131nmay\u0131 desteklemek), g\u00f6\u00e7men ak\u0131\u015flar\u0131n\u0131 y\u00f6netmek ve g\u00f6\u00e7 alan ile veren \u00fclkeler aras\u0131nda adil y\u00fck payla\u015f\u0131m\u0131n\u0131 sa\u011flamak i\u00e7in k\u00fcresel d\u00fczeyde ortak politikalar geli\u015ftirilmelidir.<\/p>\n<p>&nbsp;<\/p>\n<h3>Sonu\u00e7<\/h3>\n<p>&nbsp;<\/p>\n<p>K\u00fcresel g\u00f6\u00e7, modern d\u00fcnyan\u0131n ka\u00e7\u0131n\u0131lmaz bir ger\u00e7e\u011fidir ve beraberinde hem zorluklar\u0131 hem de f\u0131rsatlar\u0131 getirir. G\u00f6\u00e7menlerin kimlik aray\u0131\u015f\u0131 ve entegrasyon s\u00fcre\u00e7leri, ev sahibi toplumlar\u0131n kapsay\u0131c\u0131l\u0131k kapasitesini s\u0131namaktad\u0131r. S\u0131n\u0131r politikalar\u0131, insan haklar\u0131na sayg\u0131 ve uluslararas\u0131 i\u015fbirli\u011fi, bu karma\u015f\u0131k olgunun insanc\u0131l bir \u015fekilde y\u00f6netilmesi i\u00e7in kritik \u00f6neme sahiptir. G\u00f6\u00e7menleri birer y\u00fck olarak g\u00f6rmek yerine, onlar\u0131n topluma katabilece\u011fi ekonomik, k\u00fclt\u00fcrel ve sosyal zenginlikleri fark etmek, daha \u00e7e\u015fitli, dinamik ve dayan\u0131\u015fma i\u00e7inde bir d\u00fcnya in\u015fa etmemize yard\u0131mc\u0131 olacakt\u0131r. Unutmayal\u0131m ki, hepimiz bir zamanlar bir yerlerden g\u00f6\u00e7 etmi\u015f atalar\u0131n torunlar\u0131y\u0131z.<\/p>\n","protected":false},"excerpt":{"rendered":"<p>K\u00fcresel g\u00f6\u00e7, insanl\u0131k tarihi kadar eski bir olgu olsa da, g\u00fcn\u00fcm\u00fczde e\u015fi benzeri g\u00f6r\u00fclmemi\u015f bir karma\u015f\u0131kl\u0131k ve yo\u011funluk kazanm\u0131\u015ft\u0131r. Sava\u015flar, iklim de\u011fi\u015fikli\u011fi, ekonomik e\u015fitsizlikler ve siyasi istikrars\u0131zl\u0131klar, milyonlarca insan\u0131 yurtlar\u0131ndan ayr\u0131larak yeni bir hayat aray\u0131\u015f\u0131na itmektedir. Bu durum, g\u00f6\u00e7 alan \u00fclkelerde Diyabet Tedavisi Ankara kimlikler, s\u0131n\u0131rlar ve entegrasyonun zorluklar\u0131 \u00fczerine derin tart\u0131\u015fmalar\u0131 beraberinde getirmektedir. G\u00f6\u00e7, [&hellip;]<\/p>\n","protected":false},"author":9140,"featured_media":0,"comment_status":"closed","ping_status":"closed","sticky":false,"template":"","format":"standard","meta":{"footnotes":"","_links_to":"","_links_to_target":""},"categories":[1],"tags":[],"class_list":["post-217","post","type-post","status-publish","format-standard","hentry","category-uncategorized"],"_links":{"self":[{"href":"https:\/\/blog.metu.edu.tr\/e242422\/wp-json\/wp\/v2\/posts\/217","targetHints":{"allow":["GET"]}}],"collection":[{"href":"https:\/\/blog.metu.edu.tr\/e242422\/wp-json\/wp\/v2\/posts"}],"about":[{"href":"https:\/\/blog.metu.edu.tr\/e242422\/wp-json\/wp\/v2\/types\/post"}],"author":[{"embeddable":true,"href":"https:\/\/blog.metu.edu.tr\/e242422\/wp-json\/wp\/v2\/users\/9140"}],"replies":[{"embeddable":true,"href":"https:\/\/blog.metu.edu.tr\/e242422\/wp-json\/wp\/v2\/comments?post=217"}],"version-history":[{"count":0,"href":"https:\/\/blog.metu.edu.tr\/e242422\/wp-json\/wp\/v2\/posts\/217\/revisions"}],"wp:attachment":[{"href":"https:\/\/blog.metu.edu.tr\/e242422\/wp-json\/wp\/v2\/media?parent=217"}],"wp:term":[{"taxonomy":"category","embeddable":true,"href":"https:\/\/blog.metu.edu.tr\/e242422\/wp-json\/wp\/v2\/categories?post=217"},{"taxonomy":"post_tag","embeddable":true,"href":"https:\/\/blog.metu.edu.tr\/e242422\/wp-json\/wp\/v2\/tags?post=217"}],"curies":[{"name":"wp","href":"https:\/\/api.w.org\/{rel}","templated":true}]}}