{"id":194,"date":"2025-06-17T14:07:33","date_gmt":"2025-06-17T14:07:33","guid":{"rendered":"https:\/\/blog.metu.edu.tr\/e242422\/?p=194"},"modified":"2025-06-17T14:07:35","modified_gmt":"2025-06-17T14:07:35","slug":"kentsel-donusum-ve-sosyal-adalet-2","status":"publish","type":"post","link":"https:\/\/blog.metu.edu.tr\/e242422\/kentsel-donusum-ve-sosyal-adalet-2\/","title":{"rendered":"Kentsel D\u00f6n\u00fc\u015f\u00fcm ve Sosyal Adalet"},"content":{"rendered":"<p data-sourcepos=\"7:1-7:680\">Kentsel d\u00f6n\u00fc\u015f\u00fcm, \u015fehirlerin ekonomik, sosyal ve fiziksel yap\u0131lar\u0131n\u0131n iyile\u015ftirilmesi, yenilenmesi ve yeniden d\u00fczenlenmesi s\u00fcrecidir. Eskimi\u015f binalar\u0131n y\u0131k\u0131lmas\u0131, yeni konut alanlar\u0131n\u0131n in\u015fa edilmesi, altyap\u0131 iyile\u015ftirmeleri ve kamusal alanlar\u0131n d\u00fczenlenmesi gibi pek \u00e7ok faaliyeti kapsar. Ancak, kentsel d\u00f6n\u00fc\u015f\u00fcm projeleri, sadece fiziksel bir yenilenme olman\u0131n <a href=\"http:\/\/www.drsonaykaratas.com\">www.drsonaykaratas.com<\/a> \u00f6tesinde, <strong>sosyal adalet<\/strong> ve <strong>e\u015fitsizlik<\/strong> konular\u0131n\u0131 da derinden etkiler. Bu projelerin kimin yarar\u0131na yap\u0131ld\u0131\u011f\u0131, yerinden edilen sakinlerin durumu, k\u00fclt\u00fcrel miras\u0131n korunmas\u0131 ve \u015fehirlerin t\u00fcm sakinleri i\u00e7in eri\u015filebilir ve ya\u015fanabilir kalmas\u0131 gibi sorular, kentsel d\u00f6n\u00fc\u015f\u00fcm\u00fcn en hassas noktalar\u0131n\u0131 olu\u015fturmaktad\u0131r.<\/p>\n<h3 data-sourcepos=\"11:1-11:45\">Kentsel D\u00f6n\u00fc\u015f\u00fcm\u00fcn Gerek\u00e7eleri ve Vaatleri<\/h3>\n<p data-sourcepos=\"13:1-13:490\">Kentsel d\u00f6n\u00fc\u015f\u00fcm projeleri genellikle g\u00fcvenlik (deprem riski, eski binalar), estetik (\u00e7arp\u0131k kentle\u015fme), ekonomik (de\u011fer art\u0131\u015f\u0131, yeni yat\u0131r\u0131mlar) ve \u00e7evresel (altyap\u0131 yetersizli\u011fi) gerek\u00e7elerle ba\u015flat\u0131l\u0131r. <a href=\"https:\/\/drsonaykaratas.com\/ankara-check-up-fiyatlari\/\">check up ankara 2025 fiyatlar\u0131<\/a> Projeyi savunanlar, d\u00f6n\u00fc\u015f\u00fcm\u00fcn daha modern, g\u00fcvenli, estetik ve i\u015flevsel \u015fehirler yarataca\u011f\u0131n\u0131, ya\u015fam kalitesini art\u0131raca\u011f\u0131n\u0131 ve ekonomik canl\u0131l\u0131\u011f\u0131 tetikleyece\u011fini iddia ederler. Ancak bu vaatler her zaman ger\u00e7eklikle \u00f6rt\u00fc\u015fmez ve genellikle projelerin sosyal boyutunu g\u00f6z ard\u0131 edebilir.<\/p>\n<h3 data-sourcepos=\"17:1-17:43\">Sosyal Adalet Boyutu ve Yerinden Edilme<\/h3>\n<p data-sourcepos=\"19:1-19:625\">Kentsel d\u00f6n\u00fc\u015f\u00fcm\u00fcn en \u00f6nemli sosyal adalet sorunlar\u0131ndan biri, <strong>yerinden edilme<\/strong> (gentrification) olgusudur. D\u00f6n\u00fc\u015f\u00fcm alanlar\u0131ndaki konut fiyatlar\u0131n\u0131n ve kira bedellerinin artmas\u0131, d\u00fc\u015f\u00fck ve orta gelirli sakinlerin art\u0131k bu b\u00f6lgelerde ya\u015fayamamas\u0131na ve zorla yerlerinden edilmelerine neden olabilir. Bu durum, onlar\u0131n sosyal \u00e7evrelerinden, i\u015flerinden, <a href=\"https:\/\/drsonaykaratas.com\/ankara-dahiliye-doktoru\/\">dahiliye<\/a> okullar\u0131ndan ve k\u00fclt\u00fcrel ba\u011flar\u0131ndan kopmalar\u0131na yol a\u00e7arak ciddi travmalara ve ma\u011fduriyetlere neden olabilir. Yerinden edilen topluluklar\u0131n \u00e7o\u011fu zaman \u015fehrin \u00e7eperlerine, altyap\u0131 ve hizmetlerin yetersiz oldu\u011fu b\u00f6lgelere itilmesi, e\u015fitsizlikleri daha da derinle\u015ftirmektedir.<\/p>\n<p data-sourcepos=\"21:1-21:332\">Yerel sakinlerin projeler hakk\u0131nda yeterince bilgilendirilmemesi, karar alma s\u00fcre\u00e7lerine dahil edilmemesi ve haklar\u0131n\u0131n tam olarak korunmamas\u0131 da sosyal adalet sorunlar\u0131n\u0131 art\u0131rmaktad\u0131r. <a href=\"https:\/\/drsonaykaratas.com\/yuksek-tansiyon\/\">Y\u00fcksek Tansiyon<\/a> Kat\u0131l\u0131mc\u0131 olmayan bir kentsel d\u00f6n\u00fc\u015f\u00fcm s\u00fcreci, yerel halk\u0131n de\u011fil, genellikle m\u00fcteahhitlerin veya belirli \u00e7\u0131kar gruplar\u0131n\u0131n faydas\u0131na i\u015fleyebilir.<\/p>\n<h3 data-sourcepos=\"25:1-25:34\">K\u00fclt\u00fcrel Miras ve Kimlik Kayb\u0131<\/h3>\n<p data-sourcepos=\"27:1-27:396\">Kentsel d\u00f6n\u00fc\u015f\u00fcm projeleri, sadece insanlar\u0131 de\u011fil, ayn\u0131 zamanda \u015fehrin <strong>k\u00fclt\u00fcrel miras\u0131n\u0131<\/strong> ve kimli\u011fini de tehdit edebilir. Tarihi dokular\u0131n, geleneksel mahallelerin, yerel esnaf\u0131n ve k\u00fclt\u00fcrel mekanlar\u0131n y\u0131k\u0131lmas\u0131, \u015fehrin kolektif belle\u011fini ve aidiyet duygusunu zedeler. Tek tip, standart mimari yakla\u015f\u0131mlar, \u015fehirlerin \u00f6zg\u00fcn karakterlerini kaybetmesine ve &#8220;anonim&#8221; hale gelmesine yol a\u00e7abilir.<\/p>\n<h3 data-sourcepos=\"31:1-31:46\">Kapsay\u0131c\u0131 ve Adil D\u00f6n\u00fc\u015f\u00fcm \u0130\u00e7in Yakla\u015f\u0131mlar<\/h3>\n<p data-sourcepos=\"33:1-33:134\">Kentsel d\u00f6n\u00fc\u015f\u00fcm\u00fcn sosyal adalet ilkeleriyle uyumlu bir \u015fekilde ilerlemesi i\u00e7in <strong>kapsay\u0131c\u0131 ve kat\u0131l\u0131mc\u0131 yakla\u015f\u0131mlar<\/strong> benimsenmelidir:<\/p>\n<ul data-sourcepos=\"35:1-41:0\">\n<li data-sourcepos=\"35:1-35:208\"><strong>Yerel Halk\u0131n Kat\u0131l\u0131m\u0131:<\/strong> D\u00f6n\u00fc\u015f\u00fcm projeleri, yerel sakinlerin ihtiya\u00e7lar\u0131, beklentileri ve g\u00f6r\u00fc\u015fleri do\u011frultusunda planlanmal\u0131 ve uygulanmal\u0131d\u0131r. Karar alma s\u00fcre\u00e7lerine halk\u0131n aktif kat\u0131l\u0131m\u0131 sa\u011flanmal\u0131d\u0131r.<\/li>\n<li data-sourcepos=\"36:1-36:186\"><strong>Yerinde D\u00f6n\u00fc\u015f\u00fcm:<\/strong> M\u00fcmk\u00fcn oldu\u011funca yerinden etme politikalar\u0131ndan ka\u00e7\u0131n\u0131lmal\u0131, sakinlerin kendi mahallelerinde kalmalar\u0131 ve ya\u015famlar\u0131n\u0131 s\u00fcrd\u00fcrmeleri i\u00e7in alternatifler sunulmal\u0131d\u0131r.<\/li>\n<li data-sourcepos=\"37:1-37:193\"><strong>Sosyal Konut ve Destek Programlar\u0131:<\/strong> D\u00fc\u015f\u00fck gelirli sakinlerin bar\u0131nma sorunlar\u0131n\u0131 \u00e7\u00f6zmek i\u00e7in sosyal konut projeleri geli\u015ftirilmeli ve kira yard\u0131m\u0131 gibi destek mekanizmalar\u0131 sa\u011flanmal\u0131d\u0131r.<\/li>\n<li data-sourcepos=\"38:1-38:173\"><strong>K\u00fclt\u00fcrel Miras\u0131n Korunmas\u0131:<\/strong> D\u00f6n\u00fc\u015f\u00fcm alanlar\u0131ndaki tarihi dokular, k\u00fclt\u00fcrel miras \u00f6\u011feleri ve yerel kimli\u011fi yans\u0131tan mekanlar korunmal\u0131 ve projelere entegre edilmelidir.<\/li>\n<li data-sourcepos=\"39:1-39:189\"><strong>\u015eeffafl\u0131k ve Hesap Verebilirlik:<\/strong> D\u00f6n\u00fc\u015f\u00fcm projelerinin t\u00fcm a\u015famalar\u0131 \u015feffaf olmal\u0131, maliyetler ve faydalar net bir \u015fekilde a\u00e7\u0131klanmal\u0131 ve payda\u015flar\u0131n hesap verebilirli\u011fi sa\u011flanmal\u0131d\u0131r.<\/li>\n<li data-sourcepos=\"40:1-41:0\"><strong>\u00c7e\u015fitlilik ve Kapsay\u0131c\u0131l\u0131k:<\/strong> Yeni in\u015fa edilen alanlarda farkl\u0131 gelir gruplar\u0131ndan insanlar\u0131n bir arada ya\u015famas\u0131n\u0131 te\u015fvik eden karma kullan\u0131ml\u0131 yap\u0131lar ve sosyal \u00e7e\u015fitlili\u011fi destekleyen planlar yap\u0131lmal\u0131d\u0131r.<\/li>\n<\/ul>\n<h3 data-sourcepos=\"44:1-44:9\">Sonu\u00e7<\/h3>\n<p data-sourcepos=\"46:1-46:613\">Kentsel d\u00f6n\u00fc\u015f\u00fcm, \u015fehirlerin gelece\u011fi i\u00e7in ka\u00e7\u0131n\u0131lmaz bir s\u00fcre\u00e7tir. Ancak bu s\u00fcre\u00e7, sadece fiziksel bir yenileme olmaktan \u00e7\u0131kmal\u0131 ve <strong>sosyal adaleti<\/strong> temel bir ilke olarak benimsemelidir. \u015eehirleri kimin i\u00e7in d\u00f6n\u00fc\u015ft\u00fcrd\u00fc\u011f\u00fcm\u00fcz sorusu, kentsel planlaman\u0131n merkezine oturtulmal\u0131d\u0131r. Yerinden edilme, kimlik kayb\u0131 ve e\u015fitsizlik gibi sorunlar\u0131 g\u00f6z ard\u0131 eden bir d\u00f6n\u00fc\u015f\u00fcm, s\u00fcrd\u00fcr\u00fclebilir ve ya\u015fanabilir \u015fehirler yaratmak yerine, toplumsal ayr\u0131\u015fmalar\u0131 derinle\u015ftirebilir. \u015eehirleri t\u00fcm sakinlerinin ihtiya\u00e7lar\u0131na cevap veren, adil, kapsay\u0131c\u0131 ve k\u00fclt\u00fcrel a\u00e7\u0131dan zengin mekanlara d\u00f6n\u00fc\u015ft\u00fcrmek, hepimizin ortak sorumlulu\u011fudur.<\/p>\n","protected":false},"excerpt":{"rendered":"<p>Kentsel d\u00f6n\u00fc\u015f\u00fcm, \u015fehirlerin ekonomik, sosyal ve fiziksel yap\u0131lar\u0131n\u0131n iyile\u015ftirilmesi, yenilenmesi ve yeniden d\u00fczenlenmesi s\u00fcrecidir. Eskimi\u015f binalar\u0131n y\u0131k\u0131lmas\u0131, yeni konut alanlar\u0131n\u0131n in\u015fa edilmesi, altyap\u0131 iyile\u015ftirmeleri ve kamusal alanlar\u0131n d\u00fczenlenmesi gibi pek \u00e7ok faaliyeti kapsar. Ancak, kentsel d\u00f6n\u00fc\u015f\u00fcm projeleri, sadece fiziksel bir yenilenme olman\u0131n www.drsonaykaratas.com \u00f6tesinde, sosyal adalet ve e\u015fitsizlik konular\u0131n\u0131 da derinden etkiler. Bu projelerin kimin [&hellip;]<\/p>\n","protected":false},"author":9140,"featured_media":0,"comment_status":"closed","ping_status":"closed","sticky":false,"template":"","format":"standard","meta":{"footnotes":"","_links_to":"","_links_to_target":""},"categories":[1],"tags":[],"class_list":["post-194","post","type-post","status-publish","format-standard","hentry","category-uncategorized"],"_links":{"self":[{"href":"https:\/\/blog.metu.edu.tr\/e242422\/wp-json\/wp\/v2\/posts\/194","targetHints":{"allow":["GET"]}}],"collection":[{"href":"https:\/\/blog.metu.edu.tr\/e242422\/wp-json\/wp\/v2\/posts"}],"about":[{"href":"https:\/\/blog.metu.edu.tr\/e242422\/wp-json\/wp\/v2\/types\/post"}],"author":[{"embeddable":true,"href":"https:\/\/blog.metu.edu.tr\/e242422\/wp-json\/wp\/v2\/users\/9140"}],"replies":[{"embeddable":true,"href":"https:\/\/blog.metu.edu.tr\/e242422\/wp-json\/wp\/v2\/comments?post=194"}],"version-history":[{"count":0,"href":"https:\/\/blog.metu.edu.tr\/e242422\/wp-json\/wp\/v2\/posts\/194\/revisions"}],"wp:attachment":[{"href":"https:\/\/blog.metu.edu.tr\/e242422\/wp-json\/wp\/v2\/media?parent=194"}],"wp:term":[{"taxonomy":"category","embeddable":true,"href":"https:\/\/blog.metu.edu.tr\/e242422\/wp-json\/wp\/v2\/categories?post=194"},{"taxonomy":"post_tag","embeddable":true,"href":"https:\/\/blog.metu.edu.tr\/e242422\/wp-json\/wp\/v2\/tags?post=194"}],"curies":[{"name":"wp","href":"https:\/\/api.w.org\/{rel}","templated":true}]}}