{"id":192,"date":"2025-06-14T06:29:07","date_gmt":"2025-06-14T06:29:07","guid":{"rendered":"https:\/\/blog.metu.edu.tr\/e242422\/?p=192"},"modified":"2025-06-14T06:29:08","modified_gmt":"2025-06-14T06:29:08","slug":"toplumsal-bellek-ve-anitlar","status":"publish","type":"post","link":"https:\/\/blog.metu.edu.tr\/e242422\/toplumsal-bellek-ve-anitlar\/","title":{"rendered":"Toplumsal Bellek ve An\u0131tlar"},"content":{"rendered":"<p data-sourcepos=\"7:1-7:635\">Toplumsal bellek, bir toplumun ge\u00e7mi\u015f deneyimlerini, \u00f6nemli olaylar\u0131n\u0131, kahramanlar\u0131n\u0131 ve travmalar\u0131n\u0131 kolektif olarak hat\u0131rlama ve anlamland\u0131rma bi\u00e7imidir. Bu bellek, sadece s\u00f6zl\u00fc anlat\u0131lar veya yaz\u0131l\u0131 tarihle de\u011fil, ayn\u0131 zamanda an\u0131tlar ve anma mekanlar\u0131 gibi <strong>fiziksel izler<\/strong> arac\u0131l\u0131\u011f\u0131yla da in\u015fa edilir ve gelecek nesillere aktar\u0131l\u0131r. An\u0131tlar, bir \u015fehrin <a href=\"http:\/\/www.drsonaykaratas.com\">www.drsonaykaratas.com<\/a> veya bir \u00fclkenin kimli\u011finin \u00f6nemli bir par\u00e7as\u0131d\u0131r; ge\u00e7mi\u015fle diyalog kurmam\u0131z\u0131, bug\u00fcn\u00fc anlamland\u0131rmam\u0131z\u0131 ve gelecek i\u00e7in dersler \u00e7\u0131karmam\u0131z\u0131 sa\u011flarlar. Ancak, an\u0131tlar\u0131n in\u015fas\u0131, yorumlanmas\u0131 ve hatta y\u0131k\u0131lmas\u0131, toplumsal tart\u0131\u015fmalar\u0131 ve \u00e7at\u0131\u015fmalar\u0131 da beraberinde getirebilir.<\/p>\n<h3 data-sourcepos=\"11:1-11:23\">An\u0131tlar\u0131n \u0130\u015flevleri<\/h3>\n<p data-sourcepos=\"13:1-13:424\">An\u0131tlar, bir\u00e7ok farkl\u0131 i\u015flevi yerine getirir. En temel i\u015flevlerinden biri, belirli bir olay\u0131 veya ki\u015fiyi <strong>anmak<\/strong> ve gelecek nesillere hat\u0131rlatmakt\u0131r. Bir sava\u015f an\u0131t\u0131, kaybedilen hayatlar\u0131 ve verilen m\u00fccadeleyi an\u0131msat\u0131rken, <a href=\"https:\/\/drsonaykaratas.com\/ankara-check-up\/\">check up paketleri 2025<\/a> bir kurucu liderin heykeli, onun miras\u0131n\u0131 ve ideallerini ya\u015fatmay\u0131 ama\u00e7lar. Bu an\u0131tlar, ortak bir ge\u00e7mi\u015fi payla\u015fan bireyler aras\u0131nda <strong>kolektif bir kimlik<\/strong> duygusu olu\u015fturur ve aidiyeti peki\u015ftirir.<\/p>\n<p data-sourcepos=\"15:1-15:405\">An\u0131tlar ayn\u0131 zamanda <strong>toplumsal de\u011ferleri<\/strong> ve ideolojileri temsil ederler. Bir zafer an\u0131t\u0131, g\u00fcc\u00fc ve ulusal gururu simgelerken, bir soyk\u0131r\u0131m an\u0131t\u0131, insanl\u0131\u011f\u0131n trajik hatalar\u0131n\u0131 hat\u0131rlat\u0131r ve <a href=\"https:\/\/drsonaykaratas.com\/erkek-check-up\/\">erkek check up paketi<\/a> bir daha ya\u015fanmamas\u0131n\u0131 telkin eder. Bu nedenle, an\u0131tlar\u0131n tasar\u0131m\u0131, konumu ve \u00fczerindeki mesajlar, ait olduklar\u0131 toplumun neyi hat\u0131rlamak, neyi kutlamak veya neyi reddetmek istedi\u011fi hakk\u0131nda \u00f6nemli ipu\u00e7lar\u0131 verir.<\/p>\n<p data-sourcepos=\"17:1-17:365\">Ge\u00e7mi\u015fle <strong>diyalog kurma<\/strong> yetene\u011fi de an\u0131tlar\u0131n \u00f6nemli bir i\u015flevidir. Bir an\u0131t\u0131n \u00f6n\u00fcnde duran bireyler, ge\u00e7mi\u015fte ya\u015fanan olaylar hakk\u0131nda d\u00fc\u015f\u00fcnebilir, kendi tarihlerini sorgulayabilir ve ge\u00e7mi\u015fle <a href=\"https:\/\/drsonaykaratas.com\/yuksek-tansiyon\/\">Gestasyonel Diyabet<\/a> ki\u015fisel veya kolektif bir ba\u011f kurabilirler. An\u0131tlar, sadece ge\u00e7mi\u015fi yans\u0131tmakla kalmaz, ayn\u0131 zamanda bug\u00fcn\u00fcn tart\u0131\u015fmalar\u0131na ve kimlik aray\u0131\u015flar\u0131na da zemin haz\u0131rlarlar.<\/p>\n<h3 data-sourcepos=\"21:1-21:36\">An\u0131tlar ve Toplumsal Tart\u0131\u015fmalar<\/h3>\n<p data-sourcepos=\"23:1-23:442\">An\u0131tlar\u0131n yap\u0131m\u0131 veya mevcut an\u0131tlar\u0131n yorumlanmas\u0131, s\u0131kl\u0131kla toplumsal tart\u0131\u015fmalara yol a\u00e7ar. Bir an\u0131t\u0131n hangi ki\u015fiyi veya olay\u0131 temsil edece\u011fi, hangi mesaj\u0131 verece\u011fi ve nas\u0131l bir esteti\u011fe sahip olaca\u011f\u0131 konusunda farkl\u0131 toplumsal gruplar aras\u0131nda <strong>\u00e7at\u0131\u015fmalar<\/strong> ya\u015fanabilir. \u00d6zellikle ge\u00e7mi\u015fteki tart\u0131\u015fmal\u0131 d\u00f6nemleri veya fig\u00fcrleri temsil eden an\u0131tlar, toplumda ayr\u0131\u015fmalara neden olabilir ve ge\u00e7mi\u015fle y\u00fczle\u015fme ihtiyac\u0131n\u0131 g\u00fcndeme getirebilir.<\/p>\n<p data-sourcepos=\"25:1-25:350\">Son y\u0131llarda, baz\u0131 \u00fclkelerde s\u00f6m\u00fcrgecilikle veya k\u00f6lelikle ili\u015fkilendirilen an\u0131tlar\u0131n y\u0131k\u0131lmas\u0131 veya kald\u0131r\u0131lmas\u0131 talepleri, bu tart\u0131\u015fmalar\u0131n somut \u00f6rneklerindendir. Bu t\u00fcr eylemler, an\u0131tlar\u0131n sadece ta\u015f veya bronzdan ibaret olmad\u0131\u011f\u0131n\u0131, ayn\u0131 zamanda derin toplumsal anlamlar ta\u015f\u0131d\u0131\u011f\u0131n\u0131 ve ge\u00e7mi\u015fin bug\u00fcnk\u00fc yank\u0131lar\u0131n\u0131 g\u00f6sterdi\u011fini ortaya koymaktad\u0131r.<\/p>\n<h3 data-sourcepos=\"29:1-29:29\">Gelece\u011fe Y\u00f6nelik Yakla\u015f\u0131m<\/h3>\n<p data-sourcepos=\"31:1-31:698\">Toplumsal bellek ve an\u0131tlar aras\u0131ndaki ili\u015fkinin karma\u015f\u0131kl\u0131\u011f\u0131 g\u00f6z \u00f6n\u00fcne al\u0131nd\u0131\u011f\u0131nda, gelece\u011fe y\u00f6nelik daha kapsay\u0131c\u0131 ve yap\u0131c\u0131 bir yakla\u015f\u0131m benimsemek \u00f6nemlidir. Yeni an\u0131tlar tasarlan\u0131rken, <strong>farkl\u0131 toplumsal kesimlerin g\u00f6r\u00fc\u015fleri<\/strong> al\u0131nmal\u0131 ve an\u0131tlar\u0131n \u00e7ok katmanl\u0131 anlamlar ta\u015f\u0131mas\u0131na olanak tan\u0131nmal\u0131d\u0131r. Var olan tart\u0131\u015fmal\u0131 an\u0131tlar i\u00e7in ise, onlar\u0131n tamamen yok edilmesi yerine, <strong>ba\u011flamlar\u0131n\u0131n yeniden a\u00e7\u0131klanmas\u0131<\/strong>, ek bilgilendirme panolar\u0131n\u0131n yerle\u015ftirilmesi veya diyalo\u011fu te\u015fvik eden sanatsal m\u00fcdahaleler gibi \u00e7\u00f6z\u00fcmler d\u00fc\u015f\u00fcn\u00fclebilir. M\u00fczeler ve e\u011fitim kurumlar\u0131 da an\u0131tlar\u0131n tarihsel ve toplumsal ba\u011flamlar\u0131n\u0131 daha iyi anlatarak, derinlemesine bir anlay\u0131\u015f\u0131n olu\u015fmas\u0131na katk\u0131da bulunabilir.<\/p>\n<h3 data-sourcepos=\"35:1-35:9\">Sonu\u00e7<\/h3>\n<p data-sourcepos=\"37:1-37:681\">An\u0131tlar, toplumsal belle\u011fin fiziksel izleridir; ge\u00e7mi\u015fle aram\u0131zda bir k\u00f6pr\u00fc kurar, ortak kimli\u011fimizi g\u00fc\u00e7lendirir ve de\u011ferlerimizi yans\u0131t\u0131rlar. Ancak bu izler, her zaman tek tip bir anlat\u0131y\u0131 temsil etmez; bazen tart\u0131\u015fmalara, hesapla\u015fmalara ve toplumsal \u00e7at\u0131\u015fmalara da yol a\u00e7abilirler. Gelecekte, an\u0131tlar arac\u0131l\u0131\u011f\u0131yla ge\u00e7mi\u015fle daha sa\u011fl\u0131kl\u0131 bir diyalog kurabilmek i\u00e7in, farkl\u0131 seslere kulak vermek, kapsay\u0131c\u0131 yakla\u015f\u0131mlar benimsemek ve an\u0131tlar\u0131n sadece birer heykel olmaktan \u00f6te, <strong>canl\u0131 birer toplumsal bellek mekan\u0131<\/strong> oldu\u011funu anlamak hayati \u00f6neme sahiptir. Ge\u00e7mi\u015fimizi do\u011fru ve \u00e7ok boyutlu bir \u015fekilde hat\u0131rlamak, daha bilin\u00e7li ve adil bir gelecek in\u015fa etmemize yard\u0131mc\u0131 olacakt\u0131r.<\/p>\n","protected":false},"excerpt":{"rendered":"<p>Toplumsal bellek, bir toplumun ge\u00e7mi\u015f deneyimlerini, \u00f6nemli olaylar\u0131n\u0131, kahramanlar\u0131n\u0131 ve travmalar\u0131n\u0131 kolektif olarak hat\u0131rlama ve anlamland\u0131rma bi\u00e7imidir. Bu bellek, sadece s\u00f6zl\u00fc anlat\u0131lar veya yaz\u0131l\u0131 tarihle de\u011fil, ayn\u0131 zamanda an\u0131tlar ve anma mekanlar\u0131 gibi fiziksel izler arac\u0131l\u0131\u011f\u0131yla da in\u015fa edilir ve gelecek nesillere aktar\u0131l\u0131r. An\u0131tlar, bir \u015fehrin www.drsonaykaratas.com veya bir \u00fclkenin kimli\u011finin \u00f6nemli bir par\u00e7as\u0131d\u0131r; ge\u00e7mi\u015fle [&hellip;]<\/p>\n","protected":false},"author":9140,"featured_media":0,"comment_status":"closed","ping_status":"closed","sticky":false,"template":"","format":"standard","meta":{"footnotes":"","_links_to":"","_links_to_target":""},"categories":[1],"tags":[],"class_list":["post-192","post","type-post","status-publish","format-standard","hentry","category-uncategorized"],"_links":{"self":[{"href":"https:\/\/blog.metu.edu.tr\/e242422\/wp-json\/wp\/v2\/posts\/192","targetHints":{"allow":["GET"]}}],"collection":[{"href":"https:\/\/blog.metu.edu.tr\/e242422\/wp-json\/wp\/v2\/posts"}],"about":[{"href":"https:\/\/blog.metu.edu.tr\/e242422\/wp-json\/wp\/v2\/types\/post"}],"author":[{"embeddable":true,"href":"https:\/\/blog.metu.edu.tr\/e242422\/wp-json\/wp\/v2\/users\/9140"}],"replies":[{"embeddable":true,"href":"https:\/\/blog.metu.edu.tr\/e242422\/wp-json\/wp\/v2\/comments?post=192"}],"version-history":[{"count":0,"href":"https:\/\/blog.metu.edu.tr\/e242422\/wp-json\/wp\/v2\/posts\/192\/revisions"}],"wp:attachment":[{"href":"https:\/\/blog.metu.edu.tr\/e242422\/wp-json\/wp\/v2\/media?parent=192"}],"wp:term":[{"taxonomy":"category","embeddable":true,"href":"https:\/\/blog.metu.edu.tr\/e242422\/wp-json\/wp\/v2\/categories?post=192"},{"taxonomy":"post_tag","embeddable":true,"href":"https:\/\/blog.metu.edu.tr\/e242422\/wp-json\/wp\/v2\/tags?post=192"}],"curies":[{"name":"wp","href":"https:\/\/api.w.org\/{rel}","templated":true}]}}