{"id":189,"date":"2025-06-11T16:07:15","date_gmt":"2025-06-11T16:07:15","guid":{"rendered":"https:\/\/blog.metu.edu.tr\/e242422\/?p=189"},"modified":"2025-06-11T16:07:18","modified_gmt":"2025-06-11T16:07:18","slug":"genclerin-toplumsal-katilimi-ve-gelecek-insasi","status":"publish","type":"post","link":"https:\/\/blog.metu.edu.tr\/e242422\/genclerin-toplumsal-katilimi-ve-gelecek-insasi\/","title":{"rendered":"Gen\u00e7lerin Toplumsal Kat\u0131l\u0131m\u0131 ve Gelecek \u0130n\u015fas\u0131"},"content":{"rendered":"<h2 data-sourcepos=\"5:1-5:81\"><\/h2>\n<p data-sourcepos=\"7:1-7:666\">Gen\u00e7lik, bir toplumun en dinamik, yenilik\u00e7i ve potansiyel bar\u0131nd\u0131ran kesimini olu\u015fturur. Sahip olduklar\u0131 enerji, yarat\u0131c\u0131l\u0131k, teknolojiye yatk\u0131nl\u0131k ve de\u011fi\u015fime a\u00e7\u0131k zihinleriyle gen\u00e7ler, <a href=\"https:\/\/drsonaykaratas.com\/ankara-check-up\/\">Check up paketleri<\/a> toplumsal d\u00f6n\u00fc\u015f\u00fcm\u00fcn ve gelece\u011fin in\u015fas\u0131n\u0131n temel akt\u00f6rleridir. Ancak, gen\u00e7lerin toplumsal kat\u0131l\u0131m\u0131n\u0131n sa\u011flanmas\u0131, seslerinin duyulmas\u0131 ve potansiyellerinin tam olarak de\u011ferlendirilmesi, modern toplumlar\u0131n kar\u015f\u0131 kar\u015f\u0131ya oldu\u011fu \u00f6nemli bir zorluktur. Gen\u00e7lerin karar alma s\u00fcre\u00e7lerine dahil edilmesi, onlar\u0131n sorunlar\u0131na \u00e7\u00f6z\u00fcm bulunmas\u0131 ve toplumsal sorumluluk \u00fcstlenmelerinin te\u015fvik edilmesi, daha adil, kapsay\u0131c\u0131 ve s\u00fcrd\u00fcr\u00fclebilir bir gelecek in\u015fa etmek i\u00e7in hayati \u00f6neme sahiptir.<\/p>\n<h3 data-sourcepos=\"11:1-11:41\">Gen\u00e7lerin Toplumsal Kat\u0131l\u0131m\u0131n\u0131n \u00d6nemi<\/h3>\n<p data-sourcepos=\"13:1-13:562\">Gen\u00e7lerin toplumsal kat\u0131l\u0131m\u0131, sadece onlar\u0131n bireysel geli\u015fimleri i\u00e7in de\u011fil, ayn\u0131 zamanda toplumun genel refah\u0131 i\u00e7in de kritik \u00f6neme sahiptir. Gen\u00e7ler, farkl\u0131 bak\u0131\u015f a\u00e7\u0131lar\u0131 ve yeni fikirler getirerek mevcut sorunlara yarat\u0131c\u0131 \u00e7\u00f6z\u00fcmler bulabilirler. Toplumsal sorunlara duyarl\u0131 olmalar\u0131 ve de\u011fi\u015fime istekli olmalar\u0131, onlar\u0131n \u00e7e\u015fitli sivil toplum <a href=\"https:\/\/drsonaykaratas.com\/hakkimda\/\">Sonay g\u00fcven karata\u015f kim<\/a> hareketlerinde ve aktivizm alanlar\u0131nda \u00f6nemli roller \u00fcstlenmesini sa\u011flar. \u0130klim de\u011fi\u015fikli\u011fi, insan haklar\u0131, e\u015fitsizlikler gibi k\u00fcresel konularda gen\u00e7lerin g\u00f6sterdi\u011fi liderlik, bu potansiyelin somut bir g\u00f6stergesidir.<\/p>\n<p data-sourcepos=\"15:1-15:346\">Gen\u00e7lerin karar alma s\u00fcre\u00e7lerine dahil edilmesi, al\u0131nan kararlar\u0131n daha kapsay\u0131c\u0131 ve uygulanabilir olmas\u0131n\u0131 sa\u011flar. Politikalar olu\u015fturulurken gen\u00e7lerin ihtiya\u00e7lar\u0131n\u0131n, beklentilerinin <a href=\"https:\/\/drsonaykaratas.com\/halsizlik\/\">Kronik Yorgunluk<\/a> ve perspektiflerinin dikkate al\u0131nmas\u0131, onlar\u0131n kendilerini sistemin bir par\u00e7as\u0131 olarak hissetmelerine ve topluma aidiyet duygular\u0131n\u0131n g\u00fc\u00e7lenmesine yard\u0131mc\u0131 olur.<\/p>\n<h3 data-sourcepos=\"19:1-19:48\">Gen\u00e7lerin Kar\u015f\u0131la\u015ft\u0131\u011f\u0131 Zorluklar ve Engeller<\/h3>\n<p data-sourcepos=\"21:1-21:368\">Gen\u00e7lerin toplumsal kat\u0131l\u0131m\u0131n\u0131n \u00f6n\u00fcnde \u00e7e\u015fitli engeller bulunmaktad\u0131r. E\u011fitim ve istihdam olanaklar\u0131ndaki e\u015fitsizlikler, gen\u00e7lerin gelece\u011fe dair kayg\u0131lar\u0131n\u0131 art\u0131rabilir ve toplumsal ya\u015fama <a href=\"https:\/\/drsonaykaratas.com\/diyabet-seker-hastaligi\/\">Diyabet Tedavisi<\/a> aktif olarak kat\u0131lmalar\u0131n\u0131 zorla\u015ft\u0131rabilir. Siyasi kat\u0131l\u0131m mekanizmalar\u0131n\u0131n yetersizli\u011fi veya gen\u00e7lerin seslerinin duyulmamas\u0131, apatiye ve sisteme kar\u015f\u0131 g\u00fcvensizli\u011fe yol a\u00e7abilir.<\/p>\n<p data-sourcepos=\"23:1-23:316\">Medyan\u0131n gen\u00e7leri genellikle sorunlu veya pasif bir kesim olarak tasvir etmesi, onlar\u0131n potansiyellerini ve topluma katk\u0131lar\u0131n\u0131 g\u00f6z ard\u0131 etmesine neden olabilir. Toplumsal \u00f6nyarg\u0131lar ve kal\u0131pla\u015fm\u0131\u015f d\u00fc\u015f\u00fcnceler, gen\u00e7lerin fikirlerine yeterince de\u011fer verilmemesine ve inisiyatif almalar\u0131n\u0131n engellenmesine yol a\u00e7abilir.<\/p>\n<h3 data-sourcepos=\"27:1-27:54\">Gen\u00e7lerin Toplumsal Kat\u0131l\u0131m\u0131n\u0131 Te\u015fvik Etme Yollar\u0131<\/h3>\n<p data-sourcepos=\"29:1-29:85\">Gen\u00e7lerin toplumsal kat\u0131l\u0131m\u0131n\u0131 art\u0131rmak i\u00e7in \u00e7ok y\u00f6nl\u00fc stratejiler geli\u015ftirilmelidir:<\/p>\n<ul data-sourcepos=\"31:1-37:0\">\n<li data-sourcepos=\"31:1-31:212\"><strong>E\u011fitim ve F\u0131rsat E\u015fitli\u011fi:<\/strong> Kaliteli e\u011fitime eri\u015fimin sa\u011flanmas\u0131, mesleki becerilerin geli\u015ftirilmesi ve istihdam f\u0131rsatlar\u0131n\u0131n art\u0131r\u0131lmas\u0131, gen\u00e7lerin ekonomik ve sosyal olarak g\u00fc\u00e7lenmelerine katk\u0131da bulunur.<\/li>\n<li data-sourcepos=\"32:1-32:207\"><strong>Kat\u0131l\u0131mc\u0131 Mekanizmalar:<\/strong> Gen\u00e7lik meclisleri, \u00f6\u011frenci konseyleri ve gen\u00e7lik sivil toplum kurulu\u015flar\u0131 gibi platformlar arac\u0131l\u0131\u011f\u0131yla gen\u00e7lerin karar alma s\u00fcre\u00e7lerine aktif olarak kat\u0131lmalar\u0131 sa\u011flanmal\u0131d\u0131r.<\/li>\n<li data-sourcepos=\"33:1-33:159\"><strong>Dijital Kat\u0131l\u0131m:<\/strong> Dijital platformlar, gen\u00e7lerin \u00f6rg\u00fctlenmesi, fark\u0131ndal\u0131k yaratmas\u0131 ve eylem \u00e7a\u011fr\u0131s\u0131 yapmas\u0131 i\u00e7in etkili bir ara\u00e7 olarak kullan\u0131lmal\u0131d\u0131r.<\/li>\n<li data-sourcepos=\"34:1-34:177\"><strong>Mentorluk ve Rol Model Te\u015fviki:<\/strong> Gen\u00e7lere rehberlik edecek, ilham verecek ve onlar\u0131n potansiyellerini ke\u015ffetmelerine yard\u0131mc\u0131 olacak mentorluk programlar\u0131 olu\u015fturulmal\u0131d\u0131r.<\/li>\n<li data-sourcepos=\"35:1-35:183\"><strong>Sosyal Sorumluluk Projeleri:<\/strong> Gen\u00e7lerin g\u00f6n\u00fcll\u00fcl\u00fck faaliyetlerine, \u00e7evre koruma projelerine ve toplumsal sorunlara \u00e7\u00f6z\u00fcm bulmaya y\u00f6nelik inisiyatiflere kat\u0131l\u0131m\u0131 desteklenmelidir.<\/li>\n<li data-sourcepos=\"36:1-37:0\"><strong>Medya ve Alg\u0131 Y\u00f6netimi:<\/strong> Medya, gen\u00e7leri daha olumlu, aktif ve yarat\u0131c\u0131 bir kesim olarak temsil etmeli, ba\u015far\u0131 hikayelerine yer vermeli ve \u00f6nyarg\u0131lar\u0131 k\u0131rmal\u0131d\u0131r.<\/li>\n<\/ul>\n<h3 data-sourcepos=\"40:1-40:9\">Sonu\u00e7<\/h3>\n<p data-sourcepos=\"42:1-42:513\">Gen\u00e7ler, bir toplumun sadece bug\u00fcn\u00fc de\u011fil, ayn\u0131 zamanda gelece\u011fidir. Onlar\u0131n <strong>toplumsal kat\u0131l\u0131m\u0131<\/strong>, <strong>yenilik\u00e7ili\u011fi<\/strong> ve <strong>liderli\u011fi<\/strong>, toplumun ilerlemesi ve s\u00fcrd\u00fcr\u00fclebilir bir gelecek in\u015fa edilmesi i\u00e7in vazge\u00e7ilmezdir. Kar\u015f\u0131la\u015ft\u0131klar\u0131 zorluklar\u0131 a\u015fmalar\u0131na yard\u0131mc\u0131 olmak, seslerini duyurmalar\u0131na olanak tan\u0131mak ve potansiyellerini tam olarak ger\u00e7ekle\u015ftirebilecekleri ortamlar yaratmak, hepimizin ortak sorumlulu\u011fudur. Gen\u00e7leri g\u00fc\u00e7lendirerek, daha dinamik, adil ve umut dolu bir gelece\u011fe do\u011fru ilerleyebiliriz.<\/p>\n","protected":false},"excerpt":{"rendered":"<p>Gen\u00e7lik, bir toplumun en dinamik, yenilik\u00e7i ve potansiyel bar\u0131nd\u0131ran kesimini olu\u015fturur. Sahip olduklar\u0131 enerji, yarat\u0131c\u0131l\u0131k, teknolojiye yatk\u0131nl\u0131k ve de\u011fi\u015fime a\u00e7\u0131k zihinleriyle gen\u00e7ler, Check up paketleri toplumsal d\u00f6n\u00fc\u015f\u00fcm\u00fcn ve gelece\u011fin in\u015fas\u0131n\u0131n temel akt\u00f6rleridir. Ancak, gen\u00e7lerin toplumsal kat\u0131l\u0131m\u0131n\u0131n sa\u011flanmas\u0131, seslerinin duyulmas\u0131 ve potansiyellerinin tam olarak de\u011ferlendirilmesi, modern toplumlar\u0131n kar\u015f\u0131 kar\u015f\u0131ya oldu\u011fu \u00f6nemli bir zorluktur. Gen\u00e7lerin karar alma [&hellip;]<\/p>\n","protected":false},"author":9140,"featured_media":0,"comment_status":"closed","ping_status":"closed","sticky":false,"template":"","format":"standard","meta":{"footnotes":"","_links_to":"","_links_to_target":""},"categories":[1],"tags":[],"class_list":["post-189","post","type-post","status-publish","format-standard","hentry","category-uncategorized"],"_links":{"self":[{"href":"https:\/\/blog.metu.edu.tr\/e242422\/wp-json\/wp\/v2\/posts\/189","targetHints":{"allow":["GET"]}}],"collection":[{"href":"https:\/\/blog.metu.edu.tr\/e242422\/wp-json\/wp\/v2\/posts"}],"about":[{"href":"https:\/\/blog.metu.edu.tr\/e242422\/wp-json\/wp\/v2\/types\/post"}],"author":[{"embeddable":true,"href":"https:\/\/blog.metu.edu.tr\/e242422\/wp-json\/wp\/v2\/users\/9140"}],"replies":[{"embeddable":true,"href":"https:\/\/blog.metu.edu.tr\/e242422\/wp-json\/wp\/v2\/comments?post=189"}],"version-history":[{"count":0,"href":"https:\/\/blog.metu.edu.tr\/e242422\/wp-json\/wp\/v2\/posts\/189\/revisions"}],"wp:attachment":[{"href":"https:\/\/blog.metu.edu.tr\/e242422\/wp-json\/wp\/v2\/media?parent=189"}],"wp:term":[{"taxonomy":"category","embeddable":true,"href":"https:\/\/blog.metu.edu.tr\/e242422\/wp-json\/wp\/v2\/categories?post=189"},{"taxonomy":"post_tag","embeddable":true,"href":"https:\/\/blog.metu.edu.tr\/e242422\/wp-json\/wp\/v2\/tags?post=189"}],"curies":[{"name":"wp","href":"https:\/\/api.w.org\/{rel}","templated":true}]}}