{"id":188,"date":"2025-06-09T07:13:03","date_gmt":"2025-06-09T07:13:03","guid":{"rendered":"https:\/\/blog.metu.edu.tr\/e242422\/?p=188"},"modified":"2025-06-09T07:13:04","modified_gmt":"2025-06-09T07:13:04","slug":"kirsal-yasamin-donusumu-ve-gelecegi","status":"publish","type":"post","link":"https:\/\/blog.metu.edu.tr\/e242422\/kirsal-yasamin-donusumu-ve-gelecegi\/","title":{"rendered":"K\u0131rsal Ya\u015fam\u0131n D\u00f6n\u00fc\u015f\u00fcm\u00fc ve Gelece\u011fi"},"content":{"rendered":"<p data-sourcepos=\"7:1-7:668\">K\u0131rsal b\u00f6lgeler, tarih boyunca insanl\u0131\u011f\u0131n g\u0131da ve do\u011fal kaynak ihtiya\u00e7lar\u0131n\u0131 kar\u015f\u0131layan, geleneksel ya\u015fam bi\u00e7imlerinin ve k\u00fclt\u00fcrel miras\u0131n koruyucusu olan alanlar olmu\u015ftur. Ancak, k\u00fcreselle\u015fme, teknolojik <a href=\"https:\/\/drsonaykaratas.com\/ankara-dahiliye-doktoru\/\">\u0130\u00e7 hastal\u0131klar\u0131 uzman\u0131<\/a> geli\u015fmeler ve kentle\u015fmenin h\u0131zlanmas\u0131yla birlikte <strong>k\u0131rsal ya\u015fam<\/strong>, k\u00f6kl\u00fc bir d\u00f6n\u00fc\u015f\u00fcm s\u00fcrecinden ge\u00e7mektedir. Gen\u00e7 n\u00fcfusun \u015fehirlere g\u00f6\u00e7\u00fc, tar\u0131msal faaliyetlerdeki de\u011fi\u015fimler, altyap\u0131 yetersizlikleri ve dijitalle\u015fmenin etkileri, k\u0131rsal\u0131n gelece\u011fini \u015fekillendiren temel dinamiklerdir. Geleneksel de\u011ferlerle modern ihtiya\u00e7lar aras\u0131ndaki bu k\u00f6pr\u00fcde, k\u0131rsal b\u00f6lgelerin s\u00fcrd\u00fcr\u00fclebilirli\u011fini sa\u011flamak ve cazibesini art\u0131rmak, \u00f6nemli bir toplumsal hedef haline gelmi\u015ftir.<\/p>\n<h3 data-sourcepos=\"11:1-11:40\">K\u0131rsal B\u00f6lgelerdeki Temel De\u011fi\u015fimler<\/h3>\n<p data-sourcepos=\"13:1-13:343\">K\u0131rsal b\u00f6lgelerdeki en belirgin de\u011fi\u015fimlerden biri, <strong>n\u00fcfus yap\u0131s\u0131ndaki dengesizliktir<\/strong>. Gen\u00e7 ve e\u011fitimli n\u00fcfusun daha iyi ekonomik f\u0131rsatlar ve ya\u015fam kalitesi aray\u0131\u015f\u0131yla \u015fehirlere g\u00f6\u00e7 <a href=\"https:\/\/drsonaykaratas.com\/hakkimda\/\">Sonay g\u00fcven karata\u015f kimdir<\/a> etmesi, k\u0131rsalda ya\u015flanan bir n\u00fcfus ve azalan i\u015fg\u00fcc\u00fc b\u0131rakmaktad\u0131r. Bu durum, tar\u0131msal \u00fcretimi, yerel hizmetleri ve k\u00fclt\u00fcrel aktar\u0131m\u0131 olumsuz etkilemektedir.<\/p>\n<p data-sourcepos=\"15:1-15:387\"><strong>Tar\u0131msal faaliyetler<\/strong> de b\u00fcy\u00fck bir d\u00f6n\u00fc\u015f\u00fcm ge\u00e7irmektedir. Geleneksel k\u00fc\u00e7\u00fck \u00f6l\u00e7ekli tar\u0131m yerini giderek daha fazla end\u00fcstriyel tar\u0131m uygulamalar\u0131na veya ni\u015f \u00fcr\u00fcnlerin \u00fcretimine b\u0131rakmaktad\u0131r. <a href=\"https:\/\/drsonaykaratas.com\/iletisim\/\">Sonay g\u00fcven karata\u015f ileti\u015fim<\/a> \u0130klim de\u011fi\u015fikli\u011fi ve su kaynaklar\u0131n\u0131n azalmas\u0131 gibi \u00e7evresel fakt\u00f6rler de tar\u0131msal \u00fcretimi zorlamakta, k\u0131rsal ekonominin s\u00fcrd\u00fcr\u00fclebilirli\u011fi konusunda yeni aray\u0131\u015flar\u0131 beraberinde getirmektedir.<\/p>\n<p data-sourcepos=\"17:1-17:406\"><strong>Altyap\u0131 yetersizlikleri<\/strong>, k\u0131rsal b\u00f6lgelerde ya\u015fam kalitesini d\u00fc\u015f\u00fcren \u00f6nemli bir fakt\u00f6rd\u00fcr. Yeterli sa\u011fl\u0131k hizmetlerine, e\u011fitim olanaklar\u0131na, toplu ta\u015f\u0131ma a\u011flar\u0131na ve \u00f6zellikle geni\u015fbant internet eri\u015fimine sahip <a href=\"https:\/\/drsonaykaratas.com\/diyabet-seker-hastaligi\/\">Diyabet<\/a> olmamak, k\u0131rsalda ya\u015faman\u0131n dezavantajlar\u0131n\u0131 art\u0131rmaktad\u0131r. Dijitalle\u015fmenin getirdi\u011fi f\u0131rsatlardan tam olarak yararlanamamak, k\u0131rsal kesimin bilgi \u00e7a\u011f\u0131ndan uzak kalmas\u0131na neden olabilmektedir.<\/p>\n<h3 data-sourcepos=\"21:1-21:34\">K\u0131rsal\u0131n Gelece\u011fi ve F\u0131rsatlar<\/h3>\n<p data-sourcepos=\"23:1-23:435\">Bu zorluklara ra\u011fmen, k\u0131rsal b\u00f6lgeler i\u00e7in yeni f\u0131rsatlar da ortaya \u00e7\u0131kmaktad\u0131r. \u015eehirlerdeki ya\u015fam\u0131n yo\u011funlu\u011fu ve stresi, baz\u0131 bireyleri <strong>k\u0131rsal ya\u015fama geri d\u00f6nmeye<\/strong> te\u015fvik etmektedir. \u00d6zellikle uzaktan \u00e7al\u0131\u015fma imkanlar\u0131n\u0131n yayg\u0131nla\u015fmas\u0131, k\u0131rsal\u0131n \u00e7ekicili\u011fini art\u0131rabilir. K\u0131rsal turizm, ekolojik tar\u0131m ve el sanatlar\u0131 gibi alternatif ge\u00e7im kaynaklar\u0131, yerel ekonomileri \u00e7e\u015fitlendirebilir ve k\u0131rsalda yeni i\u015f imkanlar\u0131 yaratabilir.<\/p>\n<p data-sourcepos=\"25:1-25:390\"><strong>S\u00fcrd\u00fcr\u00fclebilir kalk\u0131nma<\/strong> ilkelerinin benimsenmesi, k\u0131rsal b\u00f6lgelerin gelece\u011fi i\u00e7in hayati \u00f6neme sahiptir. Do\u011fal kaynaklar\u0131n korunmas\u0131, biyo\u00e7e\u015fitlili\u011fin desteklenmesi ve \u00e7evre dostu uygulamalar\u0131n yayg\u0131nla\u015ft\u0131r\u0131lmas\u0131, k\u0131rsal\u0131n \u00e7evresel de\u011ferini art\u0131racakt\u0131r. Organik tar\u0131m ve yerel g\u0131da \u00fcretimi gibi uygulamalar, hem \u00e7evreye duyarl\u0131 hem de ekonomik olarak s\u00fcrd\u00fcr\u00fclebilir modeller sunabilir.<\/p>\n<h3 data-sourcepos=\"29:1-29:43\">Politika \u00d6nerileri ve Toplumsal Kat\u0131l\u0131m<\/h3>\n<p data-sourcepos=\"31:1-31:111\">K\u0131rsal ya\u015fam\u0131n d\u00f6n\u00fc\u015f\u00fcm\u00fcn\u00fc y\u00f6netmek ve gelece\u011fini g\u00fcvence alt\u0131na almak i\u00e7in <strong>kapsaml\u0131 politikalar<\/strong> gereklidir:<\/p>\n<ul data-sourcepos=\"33:1-38:0\">\n<li data-sourcepos=\"33:1-33:173\"><strong>Altyap\u0131 \u0130yile\u015ftirmeleri:<\/strong> K\u0131rsal b\u00f6lgelerde sa\u011fl\u0131k, e\u011fitim ve dijital altyap\u0131n\u0131n g\u00fc\u00e7lendirilmesi, ya\u015fam kalitesini art\u0131rarak gen\u00e7 n\u00fcfusun geri d\u00f6n\u00fc\u015f\u00fcn\u00fc te\u015fvik edebilir.<\/li>\n<li data-sourcepos=\"34:1-34:164\"><strong>Ekonomik \u00c7e\u015fitlendirme:<\/strong> Tar\u0131m\u0131n yan\u0131 s\u0131ra, k\u0131rsal turizm, el sanatlar\u0131, k\u00fc\u00e7\u00fck i\u015fletmeler ve yenilenebilir enerji gibi alanlarda yat\u0131r\u0131mlar te\u015fvik edilmelidir.<\/li>\n<li data-sourcepos=\"35:1-35:156\"><strong>E\u011fitim ve Mesleki Geli\u015fim:<\/strong> K\u0131rsalda ya\u015fayanlara y\u00f6nelik modern tar\u0131m teknikleri, dijital beceriler ve giri\u015fimcilik konular\u0131nda e\u011fitimler sunulmal\u0131d\u0131r.<\/li>\n<li data-sourcepos=\"36:1-36:170\"><strong>Yerel Kat\u0131l\u0131m ve Y\u00f6neti\u015fim:<\/strong> K\u0131rsal kalk\u0131nma planlar\u0131nda yerel halk\u0131n ihtiya\u00e7lar\u0131 ve beklentileri dikkate al\u0131nmal\u0131, karar alma s\u00fcre\u00e7lerine kat\u0131l\u0131mlar\u0131 sa\u011flanmal\u0131d\u0131r.<\/li>\n<li data-sourcepos=\"37:1-38:0\"><strong>Dijital Okuryazarl\u0131k ve Eri\u015fim:<\/strong> K\u0131rsal b\u00f6lgelerde geni\u015fbant internet eri\u015fimi yayg\u0131nla\u015ft\u0131r\u0131lmal\u0131 ve ya\u015fl\u0131 n\u00fcfus da dahil olmak \u00fczere t\u00fcm bireylerin dijital okuryazarl\u0131\u011f\u0131 art\u0131r\u0131lmal\u0131d\u0131r.<\/li>\n<\/ul>\n<h3 data-sourcepos=\"41:1-41:9\">Sonu\u00e7<\/h3>\n<p data-sourcepos=\"43:1-43:589\">K\u0131rsal ya\u015fam, gelenekle modernite aras\u0131nda hassas bir dengede durmaktad\u0131r. N\u00fcfusun ya\u015flanmas\u0131, tar\u0131msal de\u011fi\u015fimler ve altyap\u0131 sorunlar\u0131 gibi zorluklar olsa da, s\u00fcrd\u00fcr\u00fclebilir kalk\u0131nma stratejileri, ekonomik \u00e7e\u015fitlendirme ve ya\u015fam kalitesini art\u0131ran yat\u0131r\u0131mlarla k\u0131rsal\u0131n cazibesi yeniden canland\u0131r\u0131labilir. Gelece\u011fin k\u0131rsal\u0131, sadece g\u0131da \u00fcreten alanlar olman\u0131n \u00f6tesinde, do\u011fayla i\u00e7 i\u00e7e, dinamik ve s\u00fcrd\u00fcr\u00fclebilir ya\u015fam merkezleri haline gelebilir. Bu d\u00f6n\u00fc\u015f\u00fcm\u00fc desteklemek, hem k\u0131rsalda ya\u015fayanlar hem de \u015fehir sakinleri i\u00e7in daha dengeli ve ya\u015fanabilir bir d\u00fcnya in\u015fa etmek anlam\u0131na gelir.<\/p>\n","protected":false},"excerpt":{"rendered":"<p>K\u0131rsal b\u00f6lgeler, tarih boyunca insanl\u0131\u011f\u0131n g\u0131da ve do\u011fal kaynak ihtiya\u00e7lar\u0131n\u0131 kar\u015f\u0131layan, geleneksel ya\u015fam bi\u00e7imlerinin ve k\u00fclt\u00fcrel miras\u0131n koruyucusu olan alanlar olmu\u015ftur. Ancak, k\u00fcreselle\u015fme, teknolojik \u0130\u00e7 hastal\u0131klar\u0131 uzman\u0131 geli\u015fmeler ve kentle\u015fmenin h\u0131zlanmas\u0131yla birlikte k\u0131rsal ya\u015fam, k\u00f6kl\u00fc bir d\u00f6n\u00fc\u015f\u00fcm s\u00fcrecinden ge\u00e7mektedir. Gen\u00e7 n\u00fcfusun \u015fehirlere g\u00f6\u00e7\u00fc, tar\u0131msal faaliyetlerdeki de\u011fi\u015fimler, altyap\u0131 yetersizlikleri ve dijitalle\u015fmenin etkileri, k\u0131rsal\u0131n gelece\u011fini \u015fekillendiren temel [&hellip;]<\/p>\n","protected":false},"author":9140,"featured_media":0,"comment_status":"closed","ping_status":"closed","sticky":false,"template":"","format":"standard","meta":{"footnotes":"","_links_to":"","_links_to_target":""},"categories":[1],"tags":[],"class_list":["post-188","post","type-post","status-publish","format-standard","hentry","category-uncategorized"],"_links":{"self":[{"href":"https:\/\/blog.metu.edu.tr\/e242422\/wp-json\/wp\/v2\/posts\/188","targetHints":{"allow":["GET"]}}],"collection":[{"href":"https:\/\/blog.metu.edu.tr\/e242422\/wp-json\/wp\/v2\/posts"}],"about":[{"href":"https:\/\/blog.metu.edu.tr\/e242422\/wp-json\/wp\/v2\/types\/post"}],"author":[{"embeddable":true,"href":"https:\/\/blog.metu.edu.tr\/e242422\/wp-json\/wp\/v2\/users\/9140"}],"replies":[{"embeddable":true,"href":"https:\/\/blog.metu.edu.tr\/e242422\/wp-json\/wp\/v2\/comments?post=188"}],"version-history":[{"count":0,"href":"https:\/\/blog.metu.edu.tr\/e242422\/wp-json\/wp\/v2\/posts\/188\/revisions"}],"wp:attachment":[{"href":"https:\/\/blog.metu.edu.tr\/e242422\/wp-json\/wp\/v2\/media?parent=188"}],"wp:term":[{"taxonomy":"category","embeddable":true,"href":"https:\/\/blog.metu.edu.tr\/e242422\/wp-json\/wp\/v2\/categories?post=188"},{"taxonomy":"post_tag","embeddable":true,"href":"https:\/\/blog.metu.edu.tr\/e242422\/wp-json\/wp\/v2\/tags?post=188"}],"curies":[{"name":"wp","href":"https:\/\/api.w.org\/{rel}","templated":true}]}}