{"id":149,"date":"2025-04-26T13:30:05","date_gmt":"2025-04-26T13:30:05","guid":{"rendered":"https:\/\/blog.metu.edu.tr\/e242422\/?p=149"},"modified":"2025-04-26T13:30:06","modified_gmt":"2025-04-26T13:30:06","slug":"gonulluluk-ve-toplumsal-katilim","status":"publish","type":"post","link":"https:\/\/blog.metu.edu.tr\/e242422\/gonulluluk-ve-toplumsal-katilim\/","title":{"rendered":"G\u00f6n\u00fcll\u00fcl\u00fck ve Toplumsal Kat\u0131l\u0131m"},"content":{"rendered":"\n<p>Modern toplumlar, bireylerin kendi \u00e7\u0131karlar\u0131n\u0131n pe\u015finde ko\u015ftu\u011fu ve rekabetin \u00f6n planda oldu\u011fu yap\u0131lar olarak alg\u0131lanabilse de, g\u00f6n\u00fcll\u00fcl\u00fck ve toplumsal kat\u0131l\u0131m gibi eylemler, bireysel \u00e7abalar\u0131n kolektif bir g\u00fcce d\u00f6n\u00fc\u015ferek toplumsal sorunlara \u00e7\u00f6z\u00fcm \u00fcretme ve dayan\u0131\u015fmay\u0131 g\u00fc\u00e7lendirme potansiyelini ortaya koyar. G\u00f6n\u00fcll\u00fcl\u00fck, bireylerin maddi bir <a href=\"https:\/\/drsonaykaratas.com\/\" rel=\"nofollow\">drsonaykaratas<\/a> kar\u015f\u0131l\u0131k beklemeden, kendi istekleriyle zamanlar\u0131n\u0131, enerjilerini ve becerilerini ba\u015fkalar\u0131n\u0131n veya toplumun yarar\u0131na olacak \u015fekilde harcamas\u0131d\u0131r. Toplumsal kat\u0131l\u0131m ise, bireylerin sivil toplum kurulu\u015flar\u0131nda, yerel y\u00f6netimlerde veya di\u011fer platformlarda aktif rol alarak toplumsal karar alma s\u00fcre\u00e7lerine dahil olmas\u0131 ve ya\u015fad\u0131klar\u0131 topluma katk\u0131da bulunmas\u0131d\u0131r.<\/p>\n\n\n\n<p>G\u00f6n\u00fcll\u00fcl\u00fck, bireyler i\u00e7in pek \u00e7ok fayda sa\u011flar. Ba\u015fkalar\u0131na yard\u0131m etme ve olumlu bir etki yaratma duygusu, bireylerin \u00f6zg\u00fcvenini art\u0131r\u0131r, ya\u015famlar\u0131na anlam katar ve psikolojik iyi olu\u015f hallerini destekler. G\u00f6n\u00fcll\u00fcl\u00fck faaliyetleri, yeni beceriler kazanma, farkl\u0131 insanlarla tan\u0131\u015fma ve sosyal \u00e7evreleri geni\u015fletme imkan\u0131 sunar. Ayr\u0131ca, g\u00f6n\u00fcll\u00fcl\u00fck deneyimleri, <a href=\"https:\/\/drsonaykaratas.com\/ankara-check-up\/\" rel=\"nofollow\">ankara check up<\/a> bireylerin empati yeteneklerini geli\u015ftirmelerine, toplumsal sorunlara kar\u015f\u0131 fark\u0131ndal\u0131klar\u0131n\u0131n artmas\u0131na ve daha duyarl\u0131 vatanda\u015flar olmalar\u0131na katk\u0131da bulunur.<\/p>\n\n\n\n<p>Toplumsal kat\u0131l\u0131m ise, bireylerin ya\u015fad\u0131klar\u0131 toplumun y\u00f6netimine ve geli\u015fimine aktif olarak dahil olmalar\u0131n\u0131 sa\u011flar. Sivil toplum kurulu\u015flar\u0131nda g\u00f6rev almak, yerel y\u00f6netimlerin karar alma s\u00fcre\u00e7lerine kat\u0131lmak, imza kampanyalar\u0131na destek vermek veya toplumsal sorunlara dikkat \u00e7ekmek amac\u0131yla d\u00fczenlenen etkinliklere kat\u0131lmak gibi \u00e7e\u015fitli <a href=\"https:\/\/drsonaykaratas.com\/hakkimda\/\" rel=\"nofollow\">Sonay g\u00fcven karata\u015f<\/a> yollarla toplumsal kat\u0131l\u0131m m\u00fcmk\u00fcn olabilir. Toplumsal kat\u0131l\u0131m, demokratik s\u00fcre\u00e7lerin g\u00fc\u00e7lenmesine, kamu hizmetlerinin iyile\u015fmesine ve toplumsal ihtiya\u00e7lara daha duyarl\u0131 politikalar\u0131n olu\u015fturulmas\u0131na katk\u0131da bulunur. Ayn\u0131 zamanda, bireylerin aidiyet duygusunu art\u0131r\u0131r ve toplumsal sorumluluk bilincini geli\u015ftirir.<\/p>\n\n\n\n<p>G\u00f6n\u00fcll\u00fcl\u00fck ve toplumsal kat\u0131l\u0131m\u0131n toplumsal d\u00fczeydeki faydalar\u0131 da olduk\u00e7a \u00f6nemlidir. G\u00f6n\u00fcll\u00fc faaliyetler, devletin ve di\u011fer kurumlar\u0131n kaynaklar\u0131n\u0131n yetersiz kald\u0131\u011f\u0131 alanlarda \u00f6nemli bir bo\u015flu\u011fu doldurabilir. Sosyal yard\u0131m, \u00e7evre koruma, e\u011fitim, sa\u011fl\u0131k ve k\u00fclt\u00fcrel miras\u0131n korunmas\u0131 gibi pek \u00e7ok alanda g\u00f6n\u00fcll\u00fclerin katk\u0131lar\u0131, toplumsal refah\u0131n artmas\u0131na ve ya\u015fam kalitesinin y\u00fckselmesine yard\u0131mc\u0131 olur. Toplumsal kat\u0131l\u0131m ise, farkl\u0131 g\u00f6r\u00fc\u015flerin ve ihtiya\u00e7lar\u0131n karar alma s\u00fcre\u00e7lerine yans\u0131mas\u0131n\u0131 sa\u011flayarak daha kapsay\u0131c\u0131 ve adil politikalar\u0131n olu\u015fturulmas\u0131na zemin haz\u0131rlar. G\u00fc\u00e7l\u00fc bir sivil toplum ve aktif vatanda\u015flar, demokratik sistemlerin sa\u011fl\u0131kl\u0131 i\u015flemesi ve toplumsal sorunlara \u00e7\u00f6z\u00fcm bulunmas\u0131 a\u00e7\u0131s\u0131ndan vazge\u00e7ilmezdir.<\/p>\n\n\n\n<p>Ancak, g\u00f6n\u00fcll\u00fcl\u00fck ve toplumsal kat\u0131l\u0131m\u0131n yayg\u0131nla\u015fmas\u0131 ve etkili olmas\u0131 i\u00e7in baz\u0131 zorluklar\u0131n a\u015f\u0131lmas\u0131 gerekmektedir. Bireylerin zaman ay\u0131rma konusundaki k\u0131s\u0131tl\u0131l\u0131klar\u0131, g\u00f6n\u00fcll\u00fcl\u00fck faaliyetleri hakk\u0131nda yeterli bilgiye sahip olmamalar\u0131 veya kat\u0131l\u0131m mekanizmalar\u0131na eri\u015fimdeki zorluklar, bu alanlardaki potansiyeli s\u0131n\u0131rlayabilir. Ayr\u0131ca, baz\u0131 durumlarda g\u00f6n\u00fcll\u00fclerin motivasyonunu d\u00fc\u015f\u00fcren organizasyonel sorunlar veya kat\u0131l\u0131m s\u00fcre\u00e7lerindeki \u015feffafl\u0131k eksiklikleri de ya\u015fanabilir.<\/p>\n\n\n\n<p>G\u00f6n\u00fcll\u00fcl\u00fc\u011f\u00fc ve toplumsal kat\u0131l\u0131m\u0131 te\u015fvik etmek i\u00e7in \u00e7e\u015fitli stratejiler uygulanabilir. E\u011fitim sisteminde vatanda\u015fl\u0131k bilinci ve toplumsal sorumluluk konular\u0131na daha fazla yer verilmesi, gen\u00e7 nesillerin bu de\u011ferleri benimsemesine katk\u0131da bulunabilir. Medya arac\u0131l\u0131\u011f\u0131yla g\u00f6n\u00fcll\u00fcl\u00fck faaliyetlerinin ve toplumsal kat\u0131l\u0131m\u0131n \u00f6nemi vurgulanabilir ve ba\u015far\u0131l\u0131 \u00f6rnekler kamuoyuyla payla\u015f\u0131labilir. Sivil toplum kurulu\u015flar\u0131n\u0131n ve yerel y\u00f6netimlerin g\u00f6n\u00fcll\u00fcleri destekleyici ve kat\u0131l\u0131m\u0131 kolayla\u015ft\u0131r\u0131c\u0131 mekanizmalar olu\u015fturmas\u0131 \u00f6nemlidir. Bireylerin ilgi alanlar\u0131na ve becerilerine uygun g\u00f6n\u00fcll\u00fcl\u00fck f\u0131rsatlar\u0131na kolayca ula\u015fabilece\u011fi platformlar geli\u015ftirilebilir.<\/p>\n\n\n\n<p>Sonu\u00e7 olarak, g\u00f6n\u00fcll\u00fcl\u00fck ve toplumsal kat\u0131l\u0131m, bireysel eylemin kolektif g\u00fcce d\u00f6n\u00fc\u015ft\u00fc\u011f\u00fc, toplumsal sorunlara \u00e7\u00f6z\u00fcm \u00fcretme ve dayan\u0131\u015fmay\u0131 g\u00fc\u00e7lendirme potansiyeli ta\u015f\u0131yan \u00f6nemli sosyal davran\u0131\u015f bi\u00e7imleridir. Bireyler i\u00e7in ki\u015fisel geli\u015fim ve anlaml\u0131 bir ya\u015fam sunarken, toplum i\u00e7in de refah, adalet ve demokratik kat\u0131l\u0131m\u0131n artmas\u0131na katk\u0131da bulunurlar. G\u00f6n\u00fcll\u00fcl\u00fc\u011f\u00fc ve toplumsal kat\u0131l\u0131m\u0131 te\u015fvik eden bir toplum, daha aktif, duyarl\u0131 ve dayan\u0131\u015fma i\u00e7inde bir gelece\u011fe do\u011fru ilerleyebilir. Bireysel \u00e7abalar\u0131n birle\u015ferek yaratt\u0131\u011f\u0131 kolektif g\u00fc\u00e7, toplumsal de\u011fi\u015fimin ve ilerlemenin en \u00f6nemli itici g\u00fc\u00e7lerinden biridir.<\/p>\n","protected":false},"excerpt":{"rendered":"<p>Modern toplumlar, bireylerin kendi \u00e7\u0131karlar\u0131n\u0131n pe\u015finde ko\u015ftu\u011fu ve rekabetin \u00f6n planda oldu\u011fu yap\u0131lar olarak alg\u0131lanabilse de, g\u00f6n\u00fcll\u00fcl\u00fck ve toplumsal kat\u0131l\u0131m gibi eylemler, bireysel \u00e7abalar\u0131n kolektif bir g\u00fcce d\u00f6n\u00fc\u015ferek toplumsal sorunlara \u00e7\u00f6z\u00fcm \u00fcretme ve dayan\u0131\u015fmay\u0131 g\u00fc\u00e7lendirme potansiyelini ortaya koyar. G\u00f6n\u00fcll\u00fcl\u00fck, bireylerin maddi bir drsonaykaratas kar\u015f\u0131l\u0131k beklemeden, kendi istekleriyle zamanlar\u0131n\u0131, enerjilerini ve becerilerini ba\u015fkalar\u0131n\u0131n veya toplumun yarar\u0131na [&hellip;]<\/p>\n","protected":false},"author":9140,"featured_media":0,"comment_status":"closed","ping_status":"closed","sticky":false,"template":"","format":"standard","meta":{"footnotes":"","_links_to":"","_links_to_target":""},"categories":[1],"tags":[],"class_list":["post-149","post","type-post","status-publish","format-standard","hentry","category-uncategorized"],"_links":{"self":[{"href":"https:\/\/blog.metu.edu.tr\/e242422\/wp-json\/wp\/v2\/posts\/149","targetHints":{"allow":["GET"]}}],"collection":[{"href":"https:\/\/blog.metu.edu.tr\/e242422\/wp-json\/wp\/v2\/posts"}],"about":[{"href":"https:\/\/blog.metu.edu.tr\/e242422\/wp-json\/wp\/v2\/types\/post"}],"author":[{"embeddable":true,"href":"https:\/\/blog.metu.edu.tr\/e242422\/wp-json\/wp\/v2\/users\/9140"}],"replies":[{"embeddable":true,"href":"https:\/\/blog.metu.edu.tr\/e242422\/wp-json\/wp\/v2\/comments?post=149"}],"version-history":[{"count":0,"href":"https:\/\/blog.metu.edu.tr\/e242422\/wp-json\/wp\/v2\/posts\/149\/revisions"}],"wp:attachment":[{"href":"https:\/\/blog.metu.edu.tr\/e242422\/wp-json\/wp\/v2\/media?parent=149"}],"wp:term":[{"taxonomy":"category","embeddable":true,"href":"https:\/\/blog.metu.edu.tr\/e242422\/wp-json\/wp\/v2\/categories?post=149"},{"taxonomy":"post_tag","embeddable":true,"href":"https:\/\/blog.metu.edu.tr\/e242422\/wp-json\/wp\/v2\/tags?post=149"}],"curies":[{"name":"wp","href":"https:\/\/api.w.org\/{rel}","templated":true}]}}