{"id":143,"date":"2025-04-12T08:38:31","date_gmt":"2025-04-12T08:38:31","guid":{"rendered":"https:\/\/blog.metu.edu.tr\/e242422\/?p=143"},"modified":"2025-04-12T08:38:32","modified_gmt":"2025-04-12T08:38:32","slug":"yaslilik-ve-toplumsal-algi","status":"publish","type":"post","link":"https:\/\/blog.metu.edu.tr\/e242422\/yaslilik-ve-toplumsal-algi\/","title":{"rendered":"Ya\u015fl\u0131l\u0131k ve Toplumsal Alg\u0131"},"content":{"rendered":"<p data-sourcepos=\"5:1-5:647\">D\u00fcnya genelinde ya\u015fam s\u00fcresinin uzamas\u0131 ve do\u011fum oranlar\u0131n\u0131n d\u00fc\u015fmesiyle birlikte, toplumlar \u00f6nemli bir demografik d\u00f6n\u00fc\u015f\u00fcm ya\u015famaktad\u0131r: ya\u015fl\u0131 n\u00fcfusun giderek artmas\u0131. Bu demografik de\u011fi\u015fim, sosyal g\u00fcvenlik sistemlerinden sa\u011fl\u0131k hizmetlerine, i\u015f g\u00fcc\u00fc piyasalar\u0131ndan aile yap\u0131lar\u0131na kadar pek \u00e7ok alanda derin etkiler yaratmaktad\u0131r. Ancak <a href=\"https:\/\/ankarapsikolog1.com\/ankara-psikolog\/\">En yak\u0131n psikolog<\/a> bu yap\u0131sal de\u011fi\u015fikliklerin yan\u0131 s\u0131ra, ya\u015fl\u0131l\u0131\u011fa y\u00f6nelik toplumsal alg\u0131 da ya\u015fl\u0131 bireylerin ya\u015fam kalitesini, sosyal kat\u0131l\u0131m\u0131n\u0131 ve genel iyilik halini \u00f6nemli \u00f6l\u00e7\u00fcde etkilemektedir. Ya\u015fl\u0131l\u0131k ve ona atfedilen anlamlar, modern toplumlar\u0131n kar\u015f\u0131 kar\u015f\u0131ya oldu\u011fu \u00f6nemli sosyolojik meselelerden birini olu\u015fturmaktad\u0131r.<\/p>\n<p data-sourcepos=\"7:1-7:718\">Tarihsel ve k\u00fclt\u00fcrel ba\u011flamda ya\u015fl\u0131l\u0131\u011fa verilen de\u011fer ve anlam farkl\u0131l\u0131k g\u00f6stermi\u015ftir. Geleneksel toplumlarda ya\u015fl\u0131lar, bilgi birikimleri, deneyimleri ve aile i\u00e7indeki rolleri nedeniyle genellikle sayg\u0131 g\u00f6rm\u00fc\u015f ve \u00f6nemli bir <a href=\"https:\/\/ankarapsikolog1.com\/\">Uzman psikolog nedir<\/a> konuma sahip olmu\u015flard\u0131r. Ancak modern, sanayile\u015fmi\u015f toplumlarda, gen\u00e7lik ve \u00fcretkenli\u011fin \u00f6n plana \u00e7\u0131kmas\u0131yla birlikte ya\u015fl\u0131l\u0131\u011fa y\u00f6nelik alg\u0131 zaman zaman olumsuzla\u015fabilmektedir. Ya\u015fl\u0131l\u0131k, fiziksel ve zihinsel gerileme, \u00fcretkenli\u011fin kayb\u0131, ekonomik ba\u011f\u0131ml\u0131l\u0131k ve toplumsal hayattan uzakla\u015fma gibi kavramlarla ili\u015fkilendirilebilmektedir. Bu t\u00fcr stereotipler, ya\u015fl\u0131 bireylerin kendilerini nas\u0131l alg\u0131lad\u0131klar\u0131n\u0131, sosyal ili\u015fki kurma bi\u00e7imlerini ve topluma kat\u0131l\u0131mlar\u0131n\u0131 olumsuz y\u00f6nde etkileyebilir.<\/p>\n<p data-sourcepos=\"9:1-9:636\">Ya\u015fl\u0131l\u0131\u011fa y\u00f6nelik olumsuz toplumsal alg\u0131n\u0131n temelinde, ya\u015f ayr\u0131mc\u0131l\u0131\u011f\u0131 (ageism) yatmaktad\u0131r. Ya\u015f ayr\u0131mc\u0131l\u0131\u011f\u0131, bireylere ya\u015flar\u0131 nedeniyle \u00f6nyarg\u0131l\u0131 davranma, ayr\u0131mc\u0131l\u0131k uygulama ve onlar\u0131 stereotiple\u015ftirme <a href=\"https:\/\/ankarapsikolog1.com\/psikolog-fiyatlari\/\">\u00d6zel psikolog \u00fccretleri<\/a> anlam\u0131na gelir. \u0130\u015f ba\u015fvurular\u0131nda ya\u015fl\u0131 adaylar\u0131n dezavantajl\u0131 konuma d\u00fc\u015f\u00fcr\u00fclmesi, sa\u011fl\u0131k hizmetlerinde ya\u015fa ba\u011fl\u0131 ayr\u0131mc\u0131l\u0131k, medyada ya\u015fl\u0131lar\u0131n genellikle zay\u0131f, hasta veya teknolojiye uzak bir \u015fekilde temsil edilmesi, ya\u015f ayr\u0131mc\u0131l\u0131\u011f\u0131n\u0131n yayg\u0131n \u00f6rneklerindendir. Bu t\u00fcr ayr\u0131mc\u0131l\u0131k, ya\u015fl\u0131 bireylerin sosyal izolasyon ya\u015famas\u0131na, \u00f6zg\u00fcvenlerinin azalmas\u0131na ve hatta depresyon gibi psikolojik sorunlar geli\u015ftirmesine neden olabilir.<\/p>\n<p data-sourcepos=\"11:1-11:490\">Oysa ya\u015fl\u0131l\u0131k, sadece bir gerileme d\u00f6nemi de\u011fil, ayn\u0131 zamanda deneyimlerin olgunla\u015ft\u0131\u011f\u0131, yeni ilgi alanlar\u0131n\u0131n ke\u015ffedilebilece\u011fi ve topluma farkl\u0131 \u015fekillerde katk\u0131da bulunulabilece\u011fi bir ya\u015fam evresidir. Bir\u00e7ok ya\u015fl\u0131 birey aktif bir ya\u015fam s\u00fcrd\u00fcrmekte, g\u00f6n\u00fcll\u00fc \u00e7al\u0131\u015fmalarda yer almakta, hobileriyle ilgilenmekte ve ailelerine destek olmaktad\u0131r. Bilgi birikimleri ve ya\u015fam tecr\u00fcbeleriyle gen\u00e7 nesillere rehberlik edebilmekte ve toplumsal haf\u0131zan\u0131n korunmas\u0131nda \u00f6nemli bir rol oynamaktad\u0131rlar.<\/p>\n<p data-sourcepos=\"13:1-13:552\">Demografik d\u00f6n\u00fc\u015f\u00fcm\u00fcn getirdi\u011fi zorluklarla ba\u015fa \u00e7\u0131kmak ve ya\u015fl\u0131 bireylerin toplumsal hayata aktif ve onurlu bir \u015fekilde kat\u0131lmalar\u0131n\u0131 sa\u011flamak i\u00e7in, ya\u015fl\u0131l\u0131\u011fa y\u00f6nelik olumsuz alg\u0131lar\u0131 de\u011fi\u015ftirmek ve ya\u015f ayr\u0131mc\u0131l\u0131\u011f\u0131yla m\u00fccadele etmek gerekmektedir. Bu ama\u00e7la, e\u011fitimde ve medyada ya\u015fl\u0131l\u0131\u011f\u0131n farkl\u0131 y\u00f6nlerini ve ya\u015fl\u0131 bireylerin potansiyellerini vurgulayan pozitif temsillerin art\u0131r\u0131lmas\u0131 \u00f6nemlidir. Ya\u015fl\u0131 bireylerin sosyal kat\u0131l\u0131m\u0131n\u0131 te\u015fvik eden programlar ve etkinlikler d\u00fczenlenmeli, ku\u015faklar aras\u0131 dayan\u0131\u015fmay\u0131 g\u00fc\u00e7lendirecek projeler desteklenmelidir.<\/p>\n<p data-sourcepos=\"15:1-15:408\">Ayr\u0131ca, ya\u015fl\u0131 dostu \u015fehirler ve topluluklar olu\u015fturmak, ya\u015fl\u0131 bireylerin fiziksel ve sosyal \u00e7evreye eri\u015fimini kolayla\u015ft\u0131rmak, sa\u011fl\u0131k ve sosyal hizmetlere e\u015fit eri\u015fimlerini sa\u011flamak ve ekonomik g\u00fcvenliklerini desteklemek de ya\u015fl\u0131lar\u0131n refah\u0131 i\u00e7in kritik \u00f6neme sahiptir. \u00c7al\u0131\u015fma hayat\u0131nda esnek emeklilik se\u00e7enekleri sunmak, ya\u015fl\u0131 bireylerin bilgi ve deneyimlerinden yararlanmaya devam etmelerini sa\u011flayabilir.<\/p>\n<p data-sourcepos=\"17:1-17:693\">Sonu\u00e7 olarak, ya\u015fl\u0131l\u0131k, insan ya\u015fam\u0131n\u0131n do\u011fal ve de\u011ferli bir evresidir. Toplumsal alg\u0131n\u0131n olumlu y\u00f6nde de\u011fi\u015fmesi ve ya\u015f ayr\u0131mc\u0131l\u0131\u011f\u0131n\u0131n ortadan kald\u0131r\u0131lmas\u0131, ya\u015fl\u0131 bireylerin sosyal hayata aktif kat\u0131l\u0131m\u0131n\u0131, ba\u011f\u0131ms\u0131zl\u0131klar\u0131n\u0131 ve genel iyilik hallerini destekleyecektir. Demografik d\u00f6n\u00fc\u015f\u00fcm\u00fcn getirdi\u011fi yeni ger\u00e7eklikler kar\u015f\u0131s\u0131nda, ya\u015fl\u0131l\u0131\u011fa y\u00f6nelik bak\u0131\u015f a\u00e7\u0131m\u0131z\u0131 yeniden \u015fekillendirmek, ku\u015faklar aras\u0131 dayan\u0131\u015fmay\u0131 g\u00fc\u00e7lendirmek ve ya\u015fl\u0131 dostu bir toplum in\u015fa etmek, hem ya\u015fl\u0131 bireylerin hem de toplumun genel refah\u0131 i\u00e7in hayati \u00f6neme sahiptir. Ya\u015f almak, bir kay\u0131p de\u011fil, ya\u015fam\u0131n sundu\u011fu zenginliklerin ve deneyimlerin bir birikimidir ve bu bilincin toplumsal d\u00fczeyde yayg\u0131nla\u015fmas\u0131 gerekmektedir.<\/p>\n","protected":false},"excerpt":{"rendered":"<p>D\u00fcnya genelinde ya\u015fam s\u00fcresinin uzamas\u0131 ve do\u011fum oranlar\u0131n\u0131n d\u00fc\u015fmesiyle birlikte, toplumlar \u00f6nemli bir demografik d\u00f6n\u00fc\u015f\u00fcm ya\u015famaktad\u0131r: ya\u015fl\u0131 n\u00fcfusun giderek artmas\u0131. Bu demografik de\u011fi\u015fim, sosyal g\u00fcvenlik sistemlerinden sa\u011fl\u0131k hizmetlerine, i\u015f g\u00fcc\u00fc piyasalar\u0131ndan aile yap\u0131lar\u0131na kadar pek \u00e7ok alanda derin etkiler yaratmaktad\u0131r. Ancak En yak\u0131n psikolog bu yap\u0131sal de\u011fi\u015fikliklerin yan\u0131 s\u0131ra, ya\u015fl\u0131l\u0131\u011fa y\u00f6nelik toplumsal alg\u0131 da ya\u015fl\u0131 [&hellip;]<\/p>\n","protected":false},"author":9140,"featured_media":0,"comment_status":"closed","ping_status":"closed","sticky":false,"template":"","format":"standard","meta":{"footnotes":"","_links_to":"","_links_to_target":""},"categories":[1],"tags":[],"class_list":["post-143","post","type-post","status-publish","format-standard","hentry","category-uncategorized"],"_links":{"self":[{"href":"https:\/\/blog.metu.edu.tr\/e242422\/wp-json\/wp\/v2\/posts\/143","targetHints":{"allow":["GET"]}}],"collection":[{"href":"https:\/\/blog.metu.edu.tr\/e242422\/wp-json\/wp\/v2\/posts"}],"about":[{"href":"https:\/\/blog.metu.edu.tr\/e242422\/wp-json\/wp\/v2\/types\/post"}],"author":[{"embeddable":true,"href":"https:\/\/blog.metu.edu.tr\/e242422\/wp-json\/wp\/v2\/users\/9140"}],"replies":[{"embeddable":true,"href":"https:\/\/blog.metu.edu.tr\/e242422\/wp-json\/wp\/v2\/comments?post=143"}],"version-history":[{"count":0,"href":"https:\/\/blog.metu.edu.tr\/e242422\/wp-json\/wp\/v2\/posts\/143\/revisions"}],"wp:attachment":[{"href":"https:\/\/blog.metu.edu.tr\/e242422\/wp-json\/wp\/v2\/media?parent=143"}],"wp:term":[{"taxonomy":"category","embeddable":true,"href":"https:\/\/blog.metu.edu.tr\/e242422\/wp-json\/wp\/v2\/categories?post=143"},{"taxonomy":"post_tag","embeddable":true,"href":"https:\/\/blog.metu.edu.tr\/e242422\/wp-json\/wp\/v2\/tags?post=143"}],"curies":[{"name":"wp","href":"https:\/\/api.w.org\/{rel}","templated":true}]}}