{"id":9,"date":"2024-01-23T18:36:59","date_gmt":"2024-01-23T18:36:59","guid":{"rendered":"https:\/\/blog.metu.edu.tr\/e235216\/?p=9"},"modified":"2024-02-09T17:22:49","modified_gmt":"2024-02-09T17:22:49","slug":"su-bobrek-sagliginin-anahtari","status":"publish","type":"post","link":"https:\/\/blog.metu.edu.tr\/e235216\/su-bobrek-sagliginin-anahtari\/","title":{"rendered":"Su: B\u00f6brek Sa\u011fl\u0131\u011f\u0131n\u0131n Anahtar\u0131!"},"content":{"rendered":"<p>Bir zamanlar k\u00fc\u00e7\u00fck bir kasabada ya\u015fayan gen\u00e7 bir kad\u0131n olan Elif, s\u0131cak yaz g\u00fcnlerinde su i\u00e7meye yeterince \u00f6zen g\u00f6stermemenin bedelini \u00f6\u011frendi. Elif, yo\u011fun i\u015f temposu ve g\u00fcnl\u00fck ko\u015fu\u015fturmaca i\u00e7inde su i\u00e7meyi s\u0131k s\u0131k ihmal ediyordu. Ancak, bir g\u00fcn beklenmedik bir \u015fekilde sa\u011fl\u0131k sorunlar\u0131yla kar\u015f\u0131la\u015ft\u0131.<\/p>\n<p>Elif, bir sabah uyan\u0131r uyanmaz belinde \u015fiddetli bir <a href=\"https:\/\/urolojidunyasi.com\/bobrek-agrisi-nedir\/\"><strong>b\u00f6brek a\u011fr\u0131s\u0131<\/strong><\/a> hissetmeye ba\u015flad\u0131. \u0130lk ba\u015fta bu a\u011fr\u0131y\u0131 \u00f6nemsemedi, ancak zamanla a\u011fr\u0131 giderek artt\u0131 ve bir s\u00fcre sonra nefes almaktan bile zorlanmaya ba\u015flad\u0131. Endi\u015feli bir \u015fekilde doktora ba\u015fvurdu\u011funda, doktoru ona su i\u00e7me al\u0131\u015fkanl\u0131\u011f\u0131n\u0131 g\u00f6zden ge\u00e7irmesini ve yeterli miktarda su i\u00e7memenin <a href=\"https:\/\/urolojidunyasi.com\/bobrek-enfeksiyonu-belirtileri-nelerdir\/\"><strong>b\u00f6brek enfeksiyonu<\/strong><\/a> gibi sa\u011fl\u0131k sorunlar\u0131na yol a\u00e7abilece\u011fini s\u00f6yledi.<\/p>\n<p>Elif, bu habere \u015fa\u015fk\u0131n bir \u015fekilde kar\u015f\u0131lad\u0131. B\u00f6brek sa\u011fl\u0131\u011f\u0131n\u0131n su t\u00fcketimiyle do\u011frudan ili\u015fkili oldu\u011funu bilmemi\u015fti. Doktoru, v\u00fccuttaki toksinlerin d\u00fczenli olarak at\u0131lmas\u0131 i\u00e7in yeterli su i\u00e7menin \u00f6nemini vurgulad\u0131. B\u00f6breklerin su yard\u0131m\u0131yla temizlendi\u011fini ve yeterli su i\u00e7ilmemesi durumunda b\u00f6brek ta\u015flar\u0131, enfeksiyonlar ve di\u011fer sorunlar\u0131n ortaya \u00e7\u0131kabilece\u011fini belirtti.<\/p>\n<p>Elif, doktorunun uyar\u0131lar\u0131na kulak vererek su i\u00e7meye ba\u015flad\u0131. G\u00fcnde en az 2-3 litre su i\u00e7meye \u00f6zen g\u00f6sterdi ve bu al\u0131\u015fkanl\u0131\u011f\u0131 g\u00fcnl\u00fck rutinine dahil etti. \u0130\u00e7ti\u011fi su miktar\u0131ndaki art\u0131\u015fla birlikte, bel a\u011fr\u0131lar\u0131 zamanla azald\u0131 ve Elif, daha enerjik ve sa\u011fl\u0131kl\u0131 hissetmeye ba\u015flad\u0131.<\/p>\n<p>Bu deneyim Elif i\u00e7in bir uyar\u0131 niteli\u011finde oldu. Su i\u00e7menin sadece bir i\u00e7ecek al\u0131\u015fkanl\u0131\u011f\u0131 olmad\u0131\u011f\u0131n\u0131, ayn\u0131 zamanda v\u00fccut sa\u011fl\u0131\u011f\u0131 i\u00e7in vazge\u00e7ilmez bir unsur oldu\u011funu fark etti. Sa\u011fl\u0131kl\u0131 bir ya\u015fam s\u00fcrd\u00fcrmek i\u00e7in su i\u00e7menin \u00f6nemini anlam\u0131\u015f olan Elif, bu bilinci \u00e7evresine yayarak sevdiklerini de su i\u00e7meye te\u015fvik etti. Art\u0131k Elif, su i\u00e7menin sadece b\u00f6brek sa\u011fl\u0131\u011f\u0131 i\u00e7in de\u011fil, genel sa\u011fl\u0131k i\u00e7in ne kadar kritik oldu\u011funu herkese hat\u0131rlat\u0131yor.<\/p>\n","protected":false},"excerpt":{"rendered":"<p>Bir zamanlar k\u00fc\u00e7\u00fck bir kasabada ya\u015fayan gen\u00e7 bir kad\u0131n olan Elif, s\u0131cak yaz g\u00fcnlerinde su i\u00e7meye yeterince \u00f6zen g\u00f6stermemenin bedelini \u00f6\u011frendi. Elif, yo\u011fun i\u015f temposu ve g\u00fcnl\u00fck ko\u015fu\u015fturmaca i\u00e7inde su i\u00e7meyi s\u0131k s\u0131k ihmal ediyordu. Ancak, bir g\u00fcn beklenmedik bir \u015fekilde sa\u011fl\u0131k sorunlar\u0131yla kar\u015f\u0131la\u015ft\u0131. Elif, bir sabah uyan\u0131r uyanmaz belinde \u015fiddetli bir b\u00f6brek a\u011fr\u0131s\u0131 hissetmeye [&hellip;]<\/p>\n","protected":false},"author":8972,"featured_media":0,"comment_status":"closed","ping_status":"open","sticky":false,"template":"","format":"standard","meta":{"footnotes":"","_links_to":"","_links_to_target":""},"categories":[1],"tags":[],"class_list":["post-9","post","type-post","status-publish","format-standard","hentry","category-uncategorized"],"_links":{"self":[{"href":"https:\/\/blog.metu.edu.tr\/e235216\/wp-json\/wp\/v2\/posts\/9","targetHints":{"allow":["GET"]}}],"collection":[{"href":"https:\/\/blog.metu.edu.tr\/e235216\/wp-json\/wp\/v2\/posts"}],"about":[{"href":"https:\/\/blog.metu.edu.tr\/e235216\/wp-json\/wp\/v2\/types\/post"}],"author":[{"embeddable":true,"href":"https:\/\/blog.metu.edu.tr\/e235216\/wp-json\/wp\/v2\/users\/8972"}],"replies":[{"embeddable":true,"href":"https:\/\/blog.metu.edu.tr\/e235216\/wp-json\/wp\/v2\/comments?post=9"}],"version-history":[{"count":0,"href":"https:\/\/blog.metu.edu.tr\/e235216\/wp-json\/wp\/v2\/posts\/9\/revisions"}],"wp:attachment":[{"href":"https:\/\/blog.metu.edu.tr\/e235216\/wp-json\/wp\/v2\/media?parent=9"}],"wp:term":[{"taxonomy":"category","embeddable":true,"href":"https:\/\/blog.metu.edu.tr\/e235216\/wp-json\/wp\/v2\/categories?post=9"},{"taxonomy":"post_tag","embeddable":true,"href":"https:\/\/blog.metu.edu.tr\/e235216\/wp-json\/wp\/v2\/tags?post=9"}],"curies":[{"name":"wp","href":"https:\/\/api.w.org\/{rel}","templated":true}]}}