{"id":31,"date":"2024-02-21T19:46:37","date_gmt":"2024-02-21T19:46:37","guid":{"rendered":"https:\/\/blog.metu.edu.tr\/e235216\/?p=31"},"modified":"2024-02-21T19:46:55","modified_gmt":"2024-02-21T19:46:55","slug":"beyzanin-prolaktin-yuksekligi-ile-mucadelesi","status":"publish","type":"post","link":"https:\/\/blog.metu.edu.tr\/e235216\/beyzanin-prolaktin-yuksekligi-ile-mucadelesi\/","title":{"rendered":"Beyza&#8217;n\u0131n Prolaktin Y\u00fcksekli\u011fi ile M\u00fccadelesi"},"content":{"rendered":"<p class=\"s5\"><span class=\"s4\"><span class=\"bumpedFont15\">Beyza, hayat\u0131n\u0131n en mutlu d\u00f6nemlerinden birini ya\u015f\u0131yordu; hamileli\u011fin getirdi\u011fi t\u00fcm g\u00fczelliklere ra\u011fmen, bir endi\u015fesi vard\u0131: prolaktin y\u00fcksekli\u011fi. Doktorunun tavsiyeleri do\u011frultusunda, bu durumla ba\u015fa \u00e7\u0131kmak i\u00e7in bir yol aramaya karar verdi. Ara\u015ft\u0131rmalar\u0131 sonucunda, prolaktin seviyesini do\u011fal yollarla dengeleyebilecek bir diyet program\u0131 buldu ve bu s\u00fcreci titizlikle uygulamaya ba\u015flad\u0131.<\/span><\/span><\/p>\n<p class=\"s5\"><a href=\"https:\/\/urolojidunyasi.com\/prolaktin-yuksekligi-diyeti\/\"><span class=\"s6\"><span class=\"bumpedFont15\">Prolaktin y\u00fcksekli\u011fi diyeti<\/span><\/span><\/a><span class=\"s4\"><span class=\"bumpedFont15\">, Beyza i\u00e7in sadece bir beslenme program\u0131 de\u011fil, ayn\u0131 zamanda bir ya\u015fam bi\u00e7imi haline geldi. <\/span><\/span><a href=\"https:\/\/urolojidunyasi.com\/prolaktin-yuksekligi-diyeti\/\"><span class=\"s6\"><span class=\"bumpedFont15\">Prolaktin y\u00fcksekli\u011finde y<\/span><\/span><span class=\"s6\"><span class=\"bumpedFont15\">enmemesi gerekenler<\/span><\/span><\/a><span class=\"s4\"><span class=\"bumpedFont15\"> listesi elinin alt\u0131nda, her \u00f6\u011f\u00fcn\u00fcnde bu listeye dikkatle uydu. \u0130\u015flenmi\u015f g\u0131dalar, y\u00fcksek \u015fekerli yiyecekler ve rafine karbonhidratlar art\u0131k ge\u00e7mi\u015fte kalm\u0131\u015ft\u0131. Onun i\u00e7in \u00f6nemli olan, bu diyetin sadece kendi sa\u011fl\u0131\u011f\u0131 i\u00e7in de\u011fil, ayn\u0131 zamanda bebe\u011finin sa\u011fl\u0131\u011f\u0131 i\u00e7in de kritik oldu\u011fuydu.<\/span><\/span><\/p>\n<p class=\"s5\"><span class=\"s4\"><span class=\"bumpedFont15\">Beyza, mutfakta zaman ge\u00e7irmeyi sevdi\u011fi i\u00e7in, bu yeni diyet d\u00fczenine uygun lezzetli ve sa\u011fl\u0131kl\u0131 tarifler denemekten keyif ald\u0131. Her yeni tarif, ona bu zorlu s\u00fcre\u00e7te k\u00fc\u00e7\u00fck bir zafer gibi gelmekteydi. Ailesi ve arkada\u015flar\u0131, Beyza&#8217;n\u0131n bu kararl\u0131 tutumuna hayran kald\u0131 ve ona destek olmak i\u00e7in ellerinden geleni yapt\u0131.<\/span><\/span><\/p>\n<p class=\"s5\"><span class=\"s4\"><span class=\"bumpedFont15\">G\u00fcnler ge\u00e7tik\u00e7e, Beyza&#8217;n\u0131n prolaktin seviyelerindeki d\u00fczelme, hem fiziksel hem de psikolojik olarak kendini daha iyi hissetmesini sa\u011flad\u0131. Kontrol i\u00e7in gitti\u011fi doktor randevusunda, prolaktin seviyesinin \u00f6nemli \u00f6l\u00e7\u00fcde d\u00fc\u015ft\u00fc\u011f\u00fcn\u00fc \u00f6\u011frenince, g\u00f6zya\u015flar\u0131n\u0131 tutamad\u0131. Bu ba\u015far\u0131, sadece diyetin g\u00fcc\u00fcn\u00fc de\u011fil, ayn\u0131 zamanda kararl\u0131l\u0131k ve disiplinin de ne kadar \u00f6nemli oldu\u011funu g\u00f6steriyordu.<\/span><\/span><\/p>\n<p class=\"s5\"><a href=\"https:\/\/urolojidunyasi.com\/prolaktin-dusunce-ne-zaman-hamile-kalinir\/\"><span class=\"s6\"><span class=\"bumpedFont15\">Hamileli\u011finin<\/span><\/span><\/a> <span class=\"s4\"><span class=\"bumpedFont15\">sonuna do\u011fru, Beyza, ya\u015fad\u0131\u011f\u0131 bu deneyimi, benzer sorunlarla kar\u015f\u0131la\u015fabilecek di\u011fer anne aday<\/span><\/span><span class=\"s4\"><span class=\"bumpedFont15\">lar\u0131yla payla\u015fmaya karar verdi. Deneyimlerini bir blogda payla\u015farak, prolaktin y\u00fcksekli\u011fiyle m\u00fccadele edenlere umut ve ilham kayna\u011f\u0131 oldu. Beyza&#8217;n\u0131n hikayesi, sa\u011fl\u0131kl\u0131 bir ya\u015fam tarz\u0131n\u0131n g\u00fcc\u00fcn\u00fc ve zorluklar kar\u015f\u0131s\u0131nda pes etmemenin \u00f6nemini hat\u0131rlatan bir \u00f6yk\u00fc olarak haf\u0131zalara kaz\u0131nd\u0131.<\/span><\/span><\/p>\n","protected":false},"excerpt":{"rendered":"<p>Beyza, hayat\u0131n\u0131n en mutlu d\u00f6nemlerinden birini ya\u015f\u0131yordu; hamileli\u011fin getirdi\u011fi t\u00fcm g\u00fczelliklere ra\u011fmen, bir endi\u015fesi vard\u0131: prolaktin y\u00fcksekli\u011fi. Doktorunun tavsiyeleri do\u011frultusunda, bu durumla ba\u015fa \u00e7\u0131kmak i\u00e7in bir yol aramaya karar verdi. Ara\u015ft\u0131rmalar\u0131 sonucunda, prolaktin seviyesini do\u011fal yollarla dengeleyebilecek bir diyet program\u0131 buldu ve bu s\u00fcreci titizlikle uygulamaya ba\u015flad\u0131. Prolaktin y\u00fcksekli\u011fi diyeti, Beyza i\u00e7in sadece bir beslenme [&hellip;]<\/p>\n","protected":false},"author":8972,"featured_media":0,"comment_status":"closed","ping_status":"open","sticky":false,"template":"","format":"standard","meta":{"footnotes":"","_links_to":"","_links_to_target":""},"categories":[1],"tags":[],"class_list":["post-31","post","type-post","status-publish","format-standard","hentry","category-uncategorized"],"_links":{"self":[{"href":"https:\/\/blog.metu.edu.tr\/e235216\/wp-json\/wp\/v2\/posts\/31","targetHints":{"allow":["GET"]}}],"collection":[{"href":"https:\/\/blog.metu.edu.tr\/e235216\/wp-json\/wp\/v2\/posts"}],"about":[{"href":"https:\/\/blog.metu.edu.tr\/e235216\/wp-json\/wp\/v2\/types\/post"}],"author":[{"embeddable":true,"href":"https:\/\/blog.metu.edu.tr\/e235216\/wp-json\/wp\/v2\/users\/8972"}],"replies":[{"embeddable":true,"href":"https:\/\/blog.metu.edu.tr\/e235216\/wp-json\/wp\/v2\/comments?post=31"}],"version-history":[{"count":0,"href":"https:\/\/blog.metu.edu.tr\/e235216\/wp-json\/wp\/v2\/posts\/31\/revisions"}],"wp:attachment":[{"href":"https:\/\/blog.metu.edu.tr\/e235216\/wp-json\/wp\/v2\/media?parent=31"}],"wp:term":[{"taxonomy":"category","embeddable":true,"href":"https:\/\/blog.metu.edu.tr\/e235216\/wp-json\/wp\/v2\/categories?post=31"},{"taxonomy":"post_tag","embeddable":true,"href":"https:\/\/blog.metu.edu.tr\/e235216\/wp-json\/wp\/v2\/tags?post=31"}],"curies":[{"name":"wp","href":"https:\/\/api.w.org\/{rel}","templated":true}]}}