{"id":20,"date":"2024-02-09T13:17:08","date_gmt":"2024-02-09T13:17:08","guid":{"rendered":"https:\/\/blog.metu.edu.tr\/e235216\/?p=20"},"modified":"2024-02-09T17:19:57","modified_gmt":"2024-02-09T17:19:57","slug":"zorluklari-asan-mehmetin-yolculugu","status":"publish","type":"post","link":"https:\/\/blog.metu.edu.tr\/e235216\/zorluklari-asan-mehmetin-yolculugu\/","title":{"rendered":"Zorluklar\u0131 A\u015fan Mehmet&#8217;in Yolculu\u011fu"},"content":{"rendered":"<p class=\"s6\"><span class=\"s4\"><span class=\"bumpedFont15\">Mehmet&#8217;in hayat\u0131, pek \u00e7ok insan\u0131n hayal edemeyece\u011fi zorluklarla doluydu. Do\u011fu\u015ftan gelen <\/span><\/span><a href=\"https:\/\/urolojidunyasi.com\/klinefelter-sendromu-ozellikleri\/\"><span class=\"s5\"><span class=\"bumpedFont15\">Klinefelter Sendromu<\/span><\/span><\/a><span class=\"s4\"><span class=\"bumpedFont15\">, onun hem fiziksel hem de duygusal anlamda s\u0131ra d\u0131\u015f\u0131 bir yolculu\u011fa \u00e7\u0131kmas\u0131na neden oldu. \u0130lkokul y\u0131llar\u0131ndan itibaren, bu durum Mehmet i\u00e7in s\u00fcrekli bir m\u00fccadele alan\u0131yd\u0131. Hastal\u0131\u011f\u0131n\u0131n getirdi\u011fi \u00f6zellikler y\u00fcz\u00fcnden arkada\u015flar\u0131 aras\u0131nda daima farkl\u0131 bir yerde duruyordu; <\/span><\/span><a href=\"https:\/\/urolojidunyasi.com\/erkeklerin-zevk-noktalari\/\"><span class=\"s5\"><span class=\"bumpedFont15\">erkeklerin<\/span><\/span><\/a> <span class=\"s4\"><span class=\"bumpedFont15\">farkl\u0131l\u0131klar\u0131, onu s\u0131k s\u0131k alay konusu yapm\u0131\u015f, d\u0131\u015flanmas\u0131na yol a\u00e7m\u0131\u015ft\u0131. Ancak Mehmet, bu zorluklara ra\u011fmen asla pes etmedi.<\/span><\/span><\/p>\n<p class=\"s6\"><span class=\"s4\"><span class=\"bumpedFont15\">Ailesi erken ya\u015fta bo\u015fanm\u0131\u015f, bu durum Mehmet&#8217;in hayat\u0131n\u0131 daha da karma\u015f\u0131k hale getirmi\u015fti. Babas\u0131n\u0131 10 ya\u015f\u0131ndan sonra g\u00f6rememi\u015f olmas\u0131, onun hayat\u0131ndaki bo\u015flu\u011fu daha da derinle\u015ftirmi\u015fti. Ancak bu <\/span><\/span><a name=\"_GoBack\"><\/a><span class=\"s4\"><span class=\"bumpedFont15\">bo\u015flu\u011fu, annesi sevgi ve sab\u0131rla doldurdu. Mehmet i\u00e7in annesi, sadece bir anne de\u011fil, ayn\u0131 zamanda en iyi dostu ve en b\u00fcy\u00fck destek\u00e7isiydi. Annesinin y\u00f6nlendirmesiyle ald\u0131\u011f\u0131 psikolojik destek, Mehmet&#8217;in zorluklarla ba\u015fa \u00e7\u0131kmas\u0131nda b\u00fcy\u00fck bir rol oynad\u0131.<\/span><\/span><\/p>\n<p class=\"s6\"><span class=\"s4\"><span class=\"bumpedFont15\">Hayat\u0131n\u0131n bu zor d\u00f6nemlerinde bile Mehmet, e\u011fitime olan tutkusuyla \u00f6n plana \u00e7\u0131kt\u0131. \u00c7al\u0131\u015fkanl\u0131\u011f\u0131 ve azmi, onun \u00fcniversite s\u0131nav\u0131nda ilk 100&#8217;e girerek hayalini kurdu\u011fu hukuk fak\u00fcltesine kabul edilmesini sa\u011flad\u0131. Hukuk fak\u00fcltesindeki ya\u015fam\u0131, Mehmet i\u00e7in yeni bir ba\u015flang\u0131\u00e7t\u0131. Burada, ge\u00e7mi\u015fte ya\u015fad\u0131\u011f\u0131 zorluklardan ba\u011f\u0131ms\u0131z olarak kendini kan\u0131tlama f\u0131rsat\u0131 buldu. Derslerdeki ba\u015far\u0131s\u0131, \u00f6zg\u00fcvenini art\u0131rd\u0131 ve zamanla sosyal \u00e7evresi geni\u015fledi. Art\u0131k sadece Klinefelter Sendromu&#8217;na sahip bir birey olarak de\u011fil, ayn\u0131 zamanda parlak bir hukuk \u00f6\u011frencisi olarak tan\u0131n\u0131yordu.<\/span><\/span><\/p>\n<p class=\"s6\"><span class=\"s4\"><span class=\"bumpedFont15\">Mehmet&#8217;in hikayesi, kar\u015f\u0131la\u015f\u0131lan zorluklar\u0131n \u00fcstesinden gelmenin ve hayallerin pe\u015finden gitmenin \u00f6nemini vurguluyor. O, ya\u015fad\u0131\u011f\u0131 t\u00fcm s\u0131k\u0131nt\u0131lara ra\u011fmen hayallerine ula\u015fmay\u0131 ba\u015faran, azimli ve g\u00fc\u00e7l\u00fc bir gen\u00e7 adamd\u0131r. Her ne kadar hayat ona s\u0131ra d\u0131\u015f\u0131 bir yolculuk sunmu\u015f olsa da, Mehmet bu yolculukta kendi hikayesinin kahraman\u0131 olmay\u0131 ba\u015farm\u0131\u015ft\u0131r.<\/span><\/span><\/p>\n","protected":false},"excerpt":{"rendered":"<p>Mehmet&#8217;in hayat\u0131, pek \u00e7ok insan\u0131n hayal edemeyece\u011fi zorluklarla doluydu. Do\u011fu\u015ftan gelen Klinefelter Sendromu, onun hem fiziksel hem de duygusal anlamda s\u0131ra d\u0131\u015f\u0131 bir yolculu\u011fa \u00e7\u0131kmas\u0131na neden oldu. \u0130lkokul y\u0131llar\u0131ndan itibaren, bu durum Mehmet i\u00e7in s\u00fcrekli bir m\u00fccadele alan\u0131yd\u0131. Hastal\u0131\u011f\u0131n\u0131n getirdi\u011fi \u00f6zellikler y\u00fcz\u00fcnden arkada\u015flar\u0131 aras\u0131nda daima farkl\u0131 bir yerde duruyordu; erkeklerin farkl\u0131l\u0131klar\u0131, onu s\u0131k s\u0131k alay [&hellip;]<\/p>\n","protected":false},"author":8972,"featured_media":0,"comment_status":"closed","ping_status":"open","sticky":false,"template":"","format":"standard","meta":{"footnotes":"","_links_to":"","_links_to_target":""},"categories":[1],"tags":[],"class_list":["post-20","post","type-post","status-publish","format-standard","hentry","category-uncategorized"],"_links":{"self":[{"href":"https:\/\/blog.metu.edu.tr\/e235216\/wp-json\/wp\/v2\/posts\/20","targetHints":{"allow":["GET"]}}],"collection":[{"href":"https:\/\/blog.metu.edu.tr\/e235216\/wp-json\/wp\/v2\/posts"}],"about":[{"href":"https:\/\/blog.metu.edu.tr\/e235216\/wp-json\/wp\/v2\/types\/post"}],"author":[{"embeddable":true,"href":"https:\/\/blog.metu.edu.tr\/e235216\/wp-json\/wp\/v2\/users\/8972"}],"replies":[{"embeddable":true,"href":"https:\/\/blog.metu.edu.tr\/e235216\/wp-json\/wp\/v2\/comments?post=20"}],"version-history":[{"count":0,"href":"https:\/\/blog.metu.edu.tr\/e235216\/wp-json\/wp\/v2\/posts\/20\/revisions"}],"wp:attachment":[{"href":"https:\/\/blog.metu.edu.tr\/e235216\/wp-json\/wp\/v2\/media?parent=20"}],"wp:term":[{"taxonomy":"category","embeddable":true,"href":"https:\/\/blog.metu.edu.tr\/e235216\/wp-json\/wp\/v2\/categories?post=20"},{"taxonomy":"post_tag","embeddable":true,"href":"https:\/\/blog.metu.edu.tr\/e235216\/wp-json\/wp\/v2\/tags?post=20"}],"curies":[{"name":"wp","href":"https:\/\/api.w.org\/{rel}","templated":true}]}}