{"id":17,"date":"2024-02-04T18:11:06","date_gmt":"2024-02-04T18:11:06","guid":{"rendered":"https:\/\/blog.metu.edu.tr\/e235216\/?p=17"},"modified":"2024-02-09T17:22:03","modified_gmt":"2024-02-09T17:22:03","slug":"guclu-ayakta-aysenin-hikayesi","status":"publish","type":"post","link":"https:\/\/blog.metu.edu.tr\/e235216\/guclu-ayakta-aysenin-hikayesi\/","title":{"rendered":"G\u00fc\u00e7l\u00fc Ayakta: Ay\u015fe&#8217;nin Hikayesi"},"content":{"rendered":"<p>Ay\u015fe, \u00f6zel g\u00fcvenlik g\u00f6revlisi olarak \u00e7al\u0131\u015ft\u0131\u011f\u0131 i\u015finde her g\u00fcn zorlu ko\u015fullarla y\u00fczle\u015fiyordu. Cesareti ve azmiyle tan\u0131nan bir kad\u0131n olarak, g\u00f6revinin gerektirdi\u011fi her t\u00fcrl\u00fc zorlu\u011fa g\u00f6\u011f\u00fcs germeyi ba\u015far\u0131yordu. Ancak, ya\u015fam\u0131n\u0131n bu d\u00f6neminde kar\u015f\u0131la\u015ft\u0131\u011f\u0131 beklenmedik bir sorun, onun i\u00e7in hayat\u0131 son derece zorla\u015ft\u0131rm\u0131\u015ft\u0131: <a href=\"https:\/\/urolojidunyasi.com\/kadinlarda-idrar-kacirma-bitkisel-tedavi\/\"><strong>kad\u0131nlarda idrar ka\u00e7\u0131rma<\/strong><\/a>. Toplumda genellikle konu\u015fulmayan bu rahats\u0131zl\u0131k, Ay\u015fe i\u00e7in sadece fiziksel bir engel de\u011fil, ayn\u0131 zamanda duygusal bir y\u00fck haline gelmi\u015fti.<\/p>\n<p>G\u00fcvenlik g\u00f6revlisi olarak g\u00f6revinin gerektirdi\u011fi uzun saatler boyunca ayakta kalmas\u0131, durumunun daha da zorla\u015fmas\u0131na neden oluyordu. \u00d6z g\u00fcvenini sarsan bu durum, Ay\u015fe&#8217;nin i\u015finde ve sosyal hayat\u0131nda kendini rahat hissetmesini engelliyordu. Ancak Ay\u015fe, bu zorlu\u011fun \u00fcstesinden gelmek i\u00e7in kararl\u0131yd\u0131.<\/p>\n<p>Doktor ziyaretleri, tedavi y\u00f6ntemleri ve ki\u015fisel ara\u015ft\u0131rmalar\u0131yla Ay\u015fe, <a href=\"https:\/\/urolojidunyasi.com\/kadinlarda-idrar-kacirma-bitkisel-tedavi\/\"><strong>idrar ka\u00e7\u0131rma sorununu<\/strong><\/a> y\u00f6netmenin yollar\u0131n\u0131 aramaya ba\u015flad\u0131. Yapt\u0131\u011f\u0131 ara\u015ft\u0131rmalar, bu sorunun bir\u00e7ok kad\u0131n\u0131 etkiledi\u011fini ve \u00e7\u00f6z\u00fcm yollar\u0131n\u0131n oldu\u011funu g\u00f6steriyordu. Bu bilgi, Ay\u015fe&#8217;ye yaln\u0131z olmad\u0131\u011f\u0131n\u0131 hissettirdi ve ona m\u00fccadele etmek i\u00e7in daha fazla g\u00fc\u00e7 verdi.<\/p>\n<p>Zamanla, Ay\u015fe durumuyla ba\u015fa \u00e7\u0131kman\u0131n yollar\u0131n\u0131 \u00f6\u011frendi ve g\u00fcnl\u00fck rutininde gerekli de\u011fi\u015fiklikleri yapt\u0131. Kegel egzersizleri, do\u011fru beslenme ve d\u00fczenli doktor kontrolleri, onun bu rahats\u0131zl\u0131kla m\u00fccadelede \u00f6nemli rol oynad\u0131. Ayr\u0131ca, i\u015f yerindeki insan kaynaklar\u0131 departman\u0131yla konu\u015farak, durumunu anlatarak daha fazla destek ald\u0131.<\/p>\n<p>Ay\u015fe, bu s\u00fcre\u00e7te kendini g\u00fc\u00e7l\u00fc bir kad\u0131n olarak yeniden ke\u015ffetti. Kar\u015f\u0131la\u015ft\u0131\u011f\u0131 zorluklar\u0131n \u00fcstesinden gelmek i\u00e7in g\u00f6sterdi\u011fi cesaret ve kararl\u0131l\u0131k, ona hayatta her t\u00fcrl\u00fc engeli a\u015fabilece\u011finin fark\u0131ndal\u0131\u011f\u0131n\u0131 kazand\u0131rd\u0131. Ay\u015fe&#8217;nin hikayesi, fiziksel sa\u011fl\u0131k sorunlar\u0131n\u0131n \u00fcstesinden gelmenin yan\u0131 s\u0131ra, ki\u015fisel g\u00fcc\u00fcn ve dayan\u0131kl\u0131l\u0131\u011f\u0131n da ne kadar \u00f6nemli oldu\u011funu g\u00f6steriyor.<\/p>\n","protected":false},"excerpt":{"rendered":"<p>Ay\u015fe, \u00f6zel g\u00fcvenlik g\u00f6revlisi olarak \u00e7al\u0131\u015ft\u0131\u011f\u0131 i\u015finde her g\u00fcn zorlu ko\u015fullarla y\u00fczle\u015fiyordu. Cesareti ve azmiyle tan\u0131nan bir kad\u0131n olarak, g\u00f6revinin gerektirdi\u011fi her t\u00fcrl\u00fc zorlu\u011fa g\u00f6\u011f\u00fcs germeyi ba\u015far\u0131yordu. Ancak, ya\u015fam\u0131n\u0131n bu d\u00f6neminde kar\u015f\u0131la\u015ft\u0131\u011f\u0131 beklenmedik bir sorun, onun i\u00e7in hayat\u0131 son derece zorla\u015ft\u0131rm\u0131\u015ft\u0131: kad\u0131nlarda idrar ka\u00e7\u0131rma. Toplumda genellikle konu\u015fulmayan bu rahats\u0131zl\u0131k, Ay\u015fe i\u00e7in sadece fiziksel bir engel [&hellip;]<\/p>\n","protected":false},"author":8972,"featured_media":0,"comment_status":"closed","ping_status":"open","sticky":false,"template":"","format":"standard","meta":{"footnotes":"","_links_to":"","_links_to_target":""},"categories":[1],"tags":[],"class_list":["post-17","post","type-post","status-publish","format-standard","hentry","category-uncategorized"],"_links":{"self":[{"href":"https:\/\/blog.metu.edu.tr\/e235216\/wp-json\/wp\/v2\/posts\/17","targetHints":{"allow":["GET"]}}],"collection":[{"href":"https:\/\/blog.metu.edu.tr\/e235216\/wp-json\/wp\/v2\/posts"}],"about":[{"href":"https:\/\/blog.metu.edu.tr\/e235216\/wp-json\/wp\/v2\/types\/post"}],"author":[{"embeddable":true,"href":"https:\/\/blog.metu.edu.tr\/e235216\/wp-json\/wp\/v2\/users\/8972"}],"replies":[{"embeddable":true,"href":"https:\/\/blog.metu.edu.tr\/e235216\/wp-json\/wp\/v2\/comments?post=17"}],"version-history":[{"count":0,"href":"https:\/\/blog.metu.edu.tr\/e235216\/wp-json\/wp\/v2\/posts\/17\/revisions"}],"wp:attachment":[{"href":"https:\/\/blog.metu.edu.tr\/e235216\/wp-json\/wp\/v2\/media?parent=17"}],"wp:term":[{"taxonomy":"category","embeddable":true,"href":"https:\/\/blog.metu.edu.tr\/e235216\/wp-json\/wp\/v2\/categories?post=17"},{"taxonomy":"post_tag","embeddable":true,"href":"https:\/\/blog.metu.edu.tr\/e235216\/wp-json\/wp\/v2\/tags?post=17"}],"curies":[{"name":"wp","href":"https:\/\/api.w.org\/{rel}","templated":true}]}}