{"id":1557,"date":"2026-05-02T12:34:30","date_gmt":"2026-05-02T09:34:30","guid":{"rendered":"https:\/\/blog.metu.edu.tr\/caglart\/?p=1557"},"modified":"2026-05-02T12:34:49","modified_gmt":"2026-05-02T09:34:49","slug":"gpbc-bayraginin-renkleri","status":"publish","type":"post","link":"https:\/\/blog.metu.edu.tr\/caglart\/2026\/05\/02\/gpbc-bayraginin-renkleri\/","title":{"rendered":"GPBC bayra\u011f\u0131n\u0131n renkleri"},"content":{"rendered":"<p>Global Para Babalar\u0131 Cumhuriyeti&#8217;nin bayra\u011f\u0131n\u0131n \u00fc\u00e7 rengi vard\u0131r; sar\u0131, ye\u015fil ve siyah. D\u00f6nem d\u00f6nem bu renklerden bir(i ikis)i parlarken di\u011fer(ler)i solar. Son olarak ye\u015fil ve siyah parlam\u0131\u015ft\u0131.<\/p>\n\n\n<p><\/p>\n","protected":false},"excerpt":{"rendered":"<p>Global Para Babalar\u0131 Cumhuriyeti&#8217;nin bayra\u011f\u0131n\u0131n \u00fc\u00e7 rengi vard\u0131r; sar\u0131, ye\u015fil ve siyah. D\u00f6nem d\u00f6nem bu renklerden bir(i ikis)i parlarken di\u011fer(ler)i solar. Son olarak ye\u015fil ve siyah parlam\u0131\u015ft\u0131.<\/p>\n","protected":false},"author":1425,"featured_media":0,"comment_status":"open","ping_status":"open","sticky":false,"template":"","format":"standard","meta":{"footnotes":"","_links_to":"","_links_to_target":""},"categories":[1],"tags":[],"class_list":["post-1557","post","type-post","status-publish","format-standard","hentry","category-genel"],"_links":{"self":[{"href":"https:\/\/blog.metu.edu.tr\/caglart\/wp-json\/wp\/v2\/posts\/1557","targetHints":{"allow":["GET"]}}],"collection":[{"href":"https:\/\/blog.metu.edu.tr\/caglart\/wp-json\/wp\/v2\/posts"}],"about":[{"href":"https:\/\/blog.metu.edu.tr\/caglart\/wp-json\/wp\/v2\/types\/post"}],"author":[{"embeddable":true,"href":"https:\/\/blog.metu.edu.tr\/caglart\/wp-json\/wp\/v2\/users\/1425"}],"replies":[{"embeddable":true,"href":"https:\/\/blog.metu.edu.tr\/caglart\/wp-json\/wp\/v2\/comments?post=1557"}],"version-history":[{"count":0,"href":"https:\/\/blog.metu.edu.tr\/caglart\/wp-json\/wp\/v2\/posts\/1557\/revisions"}],"wp:attachment":[{"href":"https:\/\/blog.metu.edu.tr\/caglart\/wp-json\/wp\/v2\/media?parent=1557"}],"wp:term":[{"taxonomy":"category","embeddable":true,"href":"https:\/\/blog.metu.edu.tr\/caglart\/wp-json\/wp\/v2\/categories?post=1557"},{"taxonomy":"post_tag","embeddable":true,"href":"https:\/\/blog.metu.edu.tr\/caglart\/wp-json\/wp\/v2\/tags?post=1557"}],"curies":[{"name":"wp","href":"https:\/\/api.w.org\/{rel}","templated":true}]}}